{"id":150,"date":"2009-03-21T09:49:33","date_gmt":"2009-03-21T09:49:33","guid":{"rendered":"https:\/\/amagep.co.za\/fr\/2009\/03\/21\/frere-francis-kalala-electrisera-les-chretiens-de-jobourg-en-concert-le-mois-prochain\/"},"modified":"2009-03-21T09:49:33","modified_gmt":"2009-03-21T09:49:33","slug":"frere-francis-kalala-electrisera-les-chretiens-de-jobourg-en-concert-le-mois-prochain","status":"publish","type":"post","link":"https:\/\/amagep.co.za\/fr\/frere-francis-kalala-electrisera-les-chretiens-de-jobourg-en-concert-le-mois-prochain\/","title":{"rendered":"FRERE FRANCIS KALALA ELECTRISERA LES CHRETIENS DE JOBOURG EN CONCERT LE MOIS PROCHAIN"},"content":{"rendered":"<p style=\"margin: 0cm 0cm 0pt; line-height: normal; tab-stops: 45.8pt 91.6pt 137.4pt 183.2pt 229.0pt 274.8pt 320.6pt 366.4pt 412.2pt 458.0pt 503.8pt 549.6pt 595.4pt 641.2pt 687.0pt 732.8pt\" class=\"MsoNormal\"><span style=\"font-size: 10pt; color: black; font-family: 'Courier New'\"><img loading=\"lazy\" class=\" size-full wp-image-149\" src=\"https:\/\/amagep.co.za\/fr\/wp-content\/uploads\/2009\/03\/francis_concert.jpg\" border=\"0\" width=\"400\" height=\"566\" srcset=\"https:\/\/amagep.co.za\/fr\/wp-content\/uploads\/2009\/03\/francis_concert.jpg 400w, https:\/\/amagep.co.za\/fr\/wp-content\/uploads\/2009\/03\/francis_concert-212x300.jpg 212w\" sizes=\"(max-width: 400px) 100vw, 400px\" \/>\u00a0<\/span><\/p>\n<p><span style=\"font-size: 10pt; color: black; font-family: 'Courier New'\">FRANCIS KALALA vint en RSA en 2003 apr\u00e8s avoir brill\u00e9 de mille feux \u00e0 Kinshasa dans le groupe Les Moissonneurs. Au pays de Nelson Mandela il sera acceuilli par l\u2019\u00e9glise Le Sanctuaire des H\u00e9ritiers des Promesses; et avec son coll\u00e8gue Prince Mongali, il en profitera pour pr\u00eater main forte au groupe musical de l\u2019\u00e9glise.<\/span><span style=\"font-size: 10pt; color: black; font-family: 'Courier New'\"> <\/span><span style=\"font-size: 10pt; color: black; font-family: 'Courier New'\"> <!--more--> <\/p>\n<p>\u00a0<span style=\"font-size: 10pt; color: black; font-family: 'Courier New'\">Inspir\u00e9 par les predications de l\u2019ap\u00f4tre Gabriel Veyi, l\u2019artiste r\u00e9alisa l\u2019album <em>Ma saison<\/em>, qui recolta un grand<em> <\/em>succ\u00e8s et sera l\u2019objet d\u2019un bon t\u00e9moignage en Afrique du Sud, en RDC et en Europe. Pour prevue, <em>Ma saison <\/em><\/span><span style=\"font-size: 10pt; color: black; font-family: 'Courier New'\">avait \u00e9t\u00e9 retenu parmi les albums nomin\u00e9s au festival Kora All Africa Music Awards, en Afrique du Sud, en 2004.<\/span><span style=\"font-size: 10pt; color: black; font-family: 'Courier New'\">\u00a0<\/span><\/p>\n<p><\/span><\/p>\n<p><span style=\"font-size: 10pt; color: black; font-family: 'Courier New'\">Par apr\u00e8s, Francis Kalala fera les yeux doux du groupe Gospel Records qui d\u00e9cida de le produire en concert. Comme il fallait s\u2019y attendre, ce concert fut un succ\u00e8s fracassant, puisqu\u2019il jou\u00eet du grand talent de l\u2019artiste et de la participation des musiciens de gospel, notamment Mo\u00efse Matuta et Deborah Fraser, pour ne citer que ceux-l\u00e0.\u00a0<\/span><\/p>\n<p><span style=\"font-size: 10pt; color: black; font-family: 'Courier New'\">Peu apr\u00e8s, toujours sous l\u2019inspiration des predications de l\u2019ap\u00f4tre Veyi, l\u2019artiste signa un contrat de production avec le groupe Maranatha Productions de Jean-Paul Tshiendela. <\/span><\/p>\n<p><span style=\"font-size: 10pt; color: black; font-family: 'Courier New'\">L\u2019album <em>Jubil\u00e9 <\/em>qui<em> <\/em>en fut produit en 2007 fit le bonheur de Francis Kalala qui r\u00e9ussit \u00e0 en vendre plus de 1000 CD en l\u2019espace de 30 minutes lors d\u2019un culte \u00e0 l\u2019\u00e9glise Sanctuaire, \u00e0 Johannesbourg; et en 2008, il remporta le troph\u00e9e Perc\u00e9e Merit Awards, en RSA.\u00a0<\/span><span style=\"font-size: 10pt; color: black; font-family: 'Courier New'\">\u00a0<\/span><\/p>\n<p><span style=\"font-size: 10pt; color: black; font-family: 'Courier New'\">Le succ\u00e8s que connut l\u2019artiste a suscit\u00e9 un<span>\u00a0 <\/span>torrent de demandes des fans pour qu\u2019il livre un concert live au point que son producteur vient d\u2019autoriser et de prendre en charge<span>\u00a0 <\/span>la tenue de ce concert pour le 04\/04\/2009, \u00e0 l\u2019\u00e9glise Sanctuaire des h\u00e9ritiers des Promesses. <\/span><\/p>\n<p><span style=\"font-size: 10pt; color: black; font-family: 'Courier New'\">Pour rappel, Francis Kalala n\u2019a pas encore livr\u00e9 un concert live en Afrique du Sud depuis deux ans, suite aux tourn\u00e9es promotionelles qu\u2019il a effectu\u00e9es en RDC et au Rwanda au cours desquelles il a eu \u00e0 ajouter des ingredients dans sa chor\u00e9graphie.<\/span><\/p>\n<p><span style=\"font-size: 10pt; color: black; font-family: 'Courier New'\">Il sera accompagn\u00e9 dans cette prestation par Mamie Veyi, l\u2019\u00e9pouse de l\u2019ap\u00f4tre Veyi, qui non seulement encadre les mamans mais aussi chante \u00e0 merveille. Et l\u2019ap\u00f4tre demande aux participants de bien se preparer car ce concert risqu\u00e9 de changer de veill\u00e9e de louanges aux guerrisons miracles.<\/span><span style=\"font-size: 10pt; color: black; font-family: 'Courier New'\">\u00a0<\/span><span style=\"font-size: 10pt; color: black; font-family: 'Courier New'\">Bonne chance \u00e0 Fr\u00e8re Francis Kalala.<\/span><span style=\"font-size: 10pt; color: black; font-family: 'Courier New'\">\u00a0<\/span> <\/p>\n<p style=\"margin: 0cm 0cm 10pt\" class=\"MsoNormal\">&nbsp;<\/p>\n<p style=\"margin: 0cm 0cm 10pt\" class=\"MsoNormal\"><font face=\"Calibri\" size=\"3\" color=\"#000000\">Pour en savoir plus sur l\u2019affiche, cliquez le lien <\/font><\/p>\n<p style=\"margin: 0cm 0cm 10pt\" class=\"MsoNormal\"><font face=\"Calibri\" size=\"3\" color=\"#000000\"><a href=\"http:\/\/www.afriquechos.ch\/spip.php?article3946\" title=\"www.afriquechos.ch\">Afriquechos.ch<\/a><\/font><\/p>\n<!-- AddThis Advanced Settings generic via filter on the_content --><!-- AddThis Share Buttons generic via filter on the_content -->","protected":false},"excerpt":{"rendered":"<p>\u00a0 FRANCIS KALALA vint en RSA en 2003 apr\u00e8s avoir brill\u00e9 de mille feux \u00e0&#8230;<!-- AddThis Advanced Settings generic via filter on get_the_excerpt --><!-- AddThis Share Buttons generic via filter on get_the_excerpt --><\/p>\n","protected":false},"author":1,"featured_media":149,"comment_status":"open","ping_status":"open","sticky":false,"template":"","format":"standard","meta":[],"categories":[8],"tags":[29],"_links":{"self":[{"href":"https:\/\/amagep.co.za\/fr\/wp-json\/wp\/v2\/posts\/150"}],"collection":[{"href":"https:\/\/amagep.co.za\/fr\/wp-json\/wp\/v2\/posts"}],"about":[{"href":"https:\/\/amagep.co.za\/fr\/wp-json\/wp\/v2\/types\/post"}],"author":[{"embeddable":true,"href":"https:\/\/amagep.co.za\/fr\/wp-json\/wp\/v2\/users\/1"}],"replies":[{"embeddable":true,"href":"https:\/\/amagep.co.za\/fr\/wp-json\/wp\/v2\/comments?post=150"}],"version-history":[{"count":0,"href":"https:\/\/amagep.co.za\/fr\/wp-json\/wp\/v2\/posts\/150\/revisions"}],"wp:featuredmedia":[{"embeddable":true,"href":"https:\/\/amagep.co.za\/fr\/wp-json\/wp\/v2\/media\/149"}],"wp:attachment":[{"href":"https:\/\/amagep.co.za\/fr\/wp-json\/wp\/v2\/media?parent=150"}],"wp:term":[{"taxonomy":"category","embeddable":true,"href":"https:\/\/amagep.co.za\/fr\/wp-json\/wp\/v2\/categories?post=150"},{"taxonomy":"post_tag","embeddable":true,"href":"https:\/\/amagep.co.za\/fr\/wp-json\/wp\/v2\/tags?post=150"}],"curies":[{"name":"wp","href":"https:\/\/api.w.org\/{rel}","templated":true}]}}