{"id":148,"date":"2009-03-18T13:01:21","date_gmt":"2009-03-18T13:01:21","guid":{"rendered":"https:\/\/amagep.co.za\/fr\/2009\/03\/18\/la-cour-constitutionnelle-confirme-rajoelina-au-poste-de-president\/"},"modified":"2009-03-18T13:01:21","modified_gmt":"2009-03-18T13:01:21","slug":"la-cour-constitutionnelle-confirme-rajoelina-au-poste-de-president","status":"publish","type":"post","link":"https:\/\/amagep.co.za\/fr\/la-cour-constitutionnelle-confirme-rajoelina-au-poste-de-president\/","title":{"rendered":"La Cour constitutionnelle confirme Rajoelina au poste de pr\u00e9sident"},"content":{"rendered":"<h2 class=\"f_intro\"><img loading=\"lazy\" class=\" size-full wp-image-142\" src=\"https:\/\/amagep.co.za\/fr\/wp-content\/uploads\/2009\/03\/presidentmadagascar.jpg\" border=\"0\" width=\"226\" height=\"170\" \/>\u00a0\u00a0<\/h2>\n<h2 class=\"f_intro\">\n<p style=\"margin: 0cm 0cm 10pt\" class=\"MsoNormal\"><font face=\"Calibri\" size=\"3\" color=\"#000000\">La cours constitutionnelle valide le transfert de pouvoir \u00e0 Andry Rajoellina, qui pourra exercer la fonction de pr\u00e9sident <span>\u00a0<\/span>pendant une p\u00e9riode transitoire de deux ans maximum. \u201cvous pouvez m\u2019appeler pr\u00e9sident \u201c, a d\u00e9clar\u00e9 l\u2019int\u00e9ress\u00e9. <\/font><\/p>\n<p> <!--more--> <\/h2>\n<p class=\"f_intro\"><strong>REUTERS &#8211;<\/strong><span> Andry Rajoelina, qui a pris la t\u00eate des autorit\u00e9s provisoires \u00e0 Madagascar, a f\u00eat\u00e9 mercredi sa victoire et la d\u00e9mission du pr\u00e9sident Marc Ravalomanana par un grand rassemblement sur la place du 13-Mai, au coeur d&rsquo;Antananarivo.<\/span><\/p>\n<p><span>Au terme d&rsquo;un bras de fer de pr\u00e8s de deux mois avec l&rsquo;opposition, Ravalomonana a remis mardi ses pouvoirs \u00e0 l&rsquo;arm\u00e9e, qui a ensuite investi Rajoelina, chef de l&rsquo;opposition et maire de la capitale.<\/span><\/p>\n<p><span>Rajoelina, un ancien disc-jockey \u00e2g\u00e9 de 34 ans, s&rsquo;est rendu mercredi aupr\u00e8s de ses partisans dans les rues de la capitale apr\u00e8s avoir rencontr\u00e9 ses ministres pour fixer une strat\u00e9gie d&rsquo;action.<\/span><\/p>\n<p><span>Au premier plan de ses priorit\u00e9s figurent la lutte contre la pauvret\u00e9 dans l&rsquo;\u00eele et la n\u00e9cessit\u00e9 de rassurer la communaut\u00e9 internationale face aux conditions discutables de son arriv\u00e9e au pouvoir. Il devra aussi s&rsquo;assurer de la coh\u00e9sion et de la fid\u00e9lit\u00e9 de l&rsquo;ensemble des forces arm\u00e9es.<\/span><\/p>\n<p><span>\u00ab\u00a0Nous allons assurer le retour \u00e0 la normale, le r\u00e9tablissement de la s\u00e9curit\u00e9 et avant tout la r\u00e9conciliation nationale, qui est au coeur m\u00eame de la d\u00e9mocratie\u00a0\u00bb, a-t-il lanc\u00e9 \u00e0 des milliers de personnes rassembl\u00e9es sur la place du 13-Mai.<\/span><\/p>\n<div>Il a ajout\u00e9 que son investiture officielle aurait lieu samedi prochain.<\/div>\n<div>\n<p><span>On ignore o\u00f9 se trouve l&rsquo;ancien pr\u00e9sident, qui a quitt\u00e9 sa r\u00e9sidence officielle des faubourgs d&rsquo;Antananarivo, le palais d&rsquo;Iavoloha, \u00e0 une dizaine de kilom\u00e8tres au sud de la capitale, o\u00f9 de nombreux militaires ont pris position.<\/span><\/p>\n<p><span>Un journaliste de Reuters TV sur place a constat\u00e9 que des vitres du palais avaient \u00e9t\u00e9 bris\u00e9es et des meubles d\u00e9truits. Des inconnus ont essay\u00e9 de forcer un coffre-fort avec un pied-de-biche. On ignore qui est responsable de ces d\u00e9pr\u00e9dations &#8211; la garde pr\u00e9sidentielle avant son d\u00e9part, les soldats ralli\u00e9s \u00e0 l&rsquo;opposition ou des civils.<\/span><\/p>\n<p><span>Rajoelina avait mis en place depuis plusieurs jours un gouvernement parall\u00e8le.<\/span><\/p>\n<p><span>Le week-end dernier, l&rsquo;arm\u00e9e, traditionnellement neutre dans les conflits politiques de l&rsquo;\u00eele, avait bascul\u00e9 dans son camp. <\/span><\/p>\n<p><span>Depuis le d\u00e9but de la crise, plus de 135 personnes avaient trouv\u00e9 la mort dans les affrontements.<\/span><\/p>\n<p><span>Le secteur touristique, qui rapporte chaque ann\u00e9e 390 millions de dollars, a souffert et les investisseurs \u00e9trangers, dans les mines et le p\u00e9trole, ne cachaient pas leur inqui\u00e9tude de voir l&rsquo;instabilit\u00e9 politique se prolonger.<\/span><\/p>\n<p><span>Source<\/span><\/p>\n<p><span><a href=\"http:\/\/www.france24.com\/fr\/20090318-madagascar-rajoelina-president-cour-constitutionnelle-ravalomanana\" title=\"www.france24.com\">France24.com<\/a><\/span><\/p>\n<\/div>\n<!-- AddThis Advanced Settings generic via filter on the_content --><!-- AddThis Share Buttons generic via filter on the_content -->","protected":false},"excerpt":{"rendered":"<p>\u00a0\u00a0 La cours constitutionnelle valide le transfert de pouvoir \u00e0 Andry Rajoellina, qui pourra exercer&#8230;<!-- AddThis Advanced Settings generic via filter on get_the_excerpt --><!-- AddThis Share Buttons generic via filter on get_the_excerpt --><\/p>\n","protected":false},"author":1,"featured_media":142,"comment_status":"open","ping_status":"open","sticky":false,"template":"","format":"standard","meta":[],"categories":[6],"tags":[28],"_links":{"self":[{"href":"https:\/\/amagep.co.za\/fr\/wp-json\/wp\/v2\/posts\/148"}],"collection":[{"href":"https:\/\/amagep.co.za\/fr\/wp-json\/wp\/v2\/posts"}],"about":[{"href":"https:\/\/amagep.co.za\/fr\/wp-json\/wp\/v2\/types\/post"}],"author":[{"embeddable":true,"href":"https:\/\/amagep.co.za\/fr\/wp-json\/wp\/v2\/users\/1"}],"replies":[{"embeddable":true,"href":"https:\/\/amagep.co.za\/fr\/wp-json\/wp\/v2\/comments?post=148"}],"version-history":[{"count":0,"href":"https:\/\/amagep.co.za\/fr\/wp-json\/wp\/v2\/posts\/148\/revisions"}],"wp:featuredmedia":[{"embeddable":true,"href":"https:\/\/amagep.co.za\/fr\/wp-json\/wp\/v2\/media\/142"}],"wp:attachment":[{"href":"https:\/\/amagep.co.za\/fr\/wp-json\/wp\/v2\/media?parent=148"}],"wp:term":[{"taxonomy":"category","embeddable":true,"href":"https:\/\/amagep.co.za\/fr\/wp-json\/wp\/v2\/categories?post=148"},{"taxonomy":"post_tag","embeddable":true,"href":"https:\/\/amagep.co.za\/fr\/wp-json\/wp\/v2\/tags?post=148"}],"curies":[{"name":"wp","href":"https:\/\/api.w.org\/{rel}","templated":true}]}}