{"id":1479,"date":"2023-10-16T20:54:02","date_gmt":"2023-10-16T20:54:02","guid":{"rendered":"https:\/\/amagep.co.za\/fr\/?p=1479"},"modified":"2023-10-16T21:28:17","modified_gmt":"2023-10-16T21:28:17","slug":"aime-mulumba-le-charismatique-candidat-du-coeur-pour-les-electeurs-de-la-funa-en-republique-democratique-du-congo","status":"publish","type":"post","link":"https:\/\/amagep.co.za\/fr\/aime-mulumba-le-charismatique-candidat-du-coeur-pour-les-electeurs-de-la-funa-en-republique-democratique-du-congo\/","title":{"rendered":"Aim\u00e9 Mulumba, le charismatique Candidat du coeur pour les \u00e9lecteurs de la Funa, en R\u00e9publique d\u00e9mocratique du Congo."},"content":{"rendered":"\n<p>Actuellement, le paysage politique en RDC, est en \u00e9bullition \u00e0 la veille des \u00e9ch\u00e9ances \u00e9lectorales, et est en train de subir l\u2019influence d\u2019un nouveau vent du changement pour l\u2019Assemblee Nationale qui veut et doit connaitre des nouvelles figures, qui feront parler d\u2019elles; Sur ce, le nom d&rsquo;Aim\u00e9 Mulumba sort du lot \u00e9tant l&rsquo;\u00e9toile montante et l&rsquo;Espoir de la district de FUNA. Candidat \u00e0 la d\u00e9putation nationale sur la liste de l\u2019Alliance des \u00c9lites au Service du Peuple &amp; Alli\u00e9s \u00ab\u00a0AESP-A\u00a0\u00bb, un mosaique de l\u2019UDPS, Aim\u00e9 Mulumba le charismatique et dou\u00e9, a pris r\u00e9solument l\u2019option de barrer la route aux candidats manipulateurs, qui exploitent la population de la FUNA sans fins, et comme ils boivent de l&rsquo;eau .<\/p>\n\n\n\n<p>Connu pour son caract\u00e8re militantisme au sein de l\u2019Union pour la D\u00e9mocratie et Progr\u00e8s Social \u00ab\u00a0UDPS\u00a0\u00bb, depuis la clandestinit\u00e9 jusqu\u2019a la d\u00e9mocratisation de l\u2019espace politique congolaise, sans oublier son soutien ind\u00e9fectible au Chef de l\u2019Etat, de l\u2019opposition au pouvoir, Aim\u00e9 Mulumba suscite d\u00e9j\u00e0 une grande admiration dans sa circonscription \u00e9lectorale, comme on pouvait voir lors de ses descentes aupr\u00e8s de sa base \u00e0 FUNA, qui se reconnait en son discours pour les l\u00e9gislatives nationales de 2023. Une fois port\u00e9 au parlement, le candidat espoir de la FUNA se donne le devoir de s\u2019attaquer au chomage, y compris le banditisme urbain, des v\u00e9ritables fl\u00e9aux qui d\u00e9truisent aussi la jeunesse issue de la FUNA, sa circonscription \u00e9lectorale.<\/p>\n\n\n\n<p>De tout coeur et pour l\u2019int\u00e9r\u00eat de la patrie, l&rsquo;Alliance Des Elites au Service du Peuple et Alli\u00e9s porte son choix sur Aim\u00e9 Mulumba \u00e9tant son candidat dans la circonscription \u00e9lectorale de la FUNA . Et, conformement aux textes qui r\u00e9gissent le jeu \u00e9lectoral, nous comprenons que la campagne n&rsquo;est pas encore commenc\u00e9, mais ce qui n&rsquo;est pas secret, Monsieur Aim\u00e9 Mulumba lors de l\u2019annonce officielle de sa candidature \u00e0 la d\u00e9putation nationale, devant les membres de sa structure TOTONGA FUNA, s&rsquo;est retrouv\u00e9 face \u00e0 une foule pr\u00e9sente pour l\u2019ecouter, le Samedi 12 Ao\u00fbt dernier, et le Candidat du peuple n\u2019a pas manqu\u00e9 de confier son ardeur de porter son fief \u00e9lectoral aux ports d\u00e9sir\u00e9s.<\/p>\n\n\n\n<p>\u00ab\u00a0Il est vrai que nous avons des d\u00e9fis \u00e0 relever: Le ch\u00f4mage, la pauvret\u00e9, la guerre et les violences sont des probl\u00e8mes r\u00e9els qui affectent notre communaut\u00e9. Mais, reconnaissons que nous avons \u00e9galement des ressources, des talents et un peuple fort &amp; formidable pr\u00eat \u00e0 travailler de tout coeur pour am\u00e9liorer notre situation. \u00c0 ces sujets, commen\u00e7ons par croire en nous-m\u00eames, et surtout au potentiel &amp; dons que Dieu nous donne comme h\u00e9ritage \u2026<\/p>\n\n\n\n<p>Unissons nous dans des innovations ou cr\u00e9ativit\u00e9s, que nous devons consid\u00e9rer comme moyens d&rsquo;obtenir des solutions \u00e0 nos probl\u00e8mes. Ainsi, encourageons l\u2019entraide, y compris la solidarit\u00e9 mutuelle . Ensemble nous allons vaincre les KULUNA (Barbaries ou D\u00e9linquances) .\u00a0\u00bb, a conclu le Candidat du coeur pour les \u00e9lecteurs de la Funa.<\/p>\n<!-- AddThis Advanced Settings generic via filter on the_content --><!-- AddThis Share Buttons generic via filter on the_content -->","protected":false},"excerpt":{"rendered":"<p>Actuellement, le paysage politique en RDC, est en \u00e9bullition \u00e0 la veille des \u00e9ch\u00e9ances \u00e9lectorales,&#8230;<!-- AddThis Advanced Settings generic via filter on get_the_excerpt --><!-- AddThis Share Buttons generic via filter on get_the_excerpt --><\/p>\n","protected":false},"author":12,"featured_media":1480,"comment_status":"open","ping_status":"open","sticky":false,"template":"","format":"standard","meta":[],"categories":[6],"tags":[],"_links":{"self":[{"href":"https:\/\/amagep.co.za\/fr\/wp-json\/wp\/v2\/posts\/1479"}],"collection":[{"href":"https:\/\/amagep.co.za\/fr\/wp-json\/wp\/v2\/posts"}],"about":[{"href":"https:\/\/amagep.co.za\/fr\/wp-json\/wp\/v2\/types\/post"}],"author":[{"embeddable":true,"href":"https:\/\/amagep.co.za\/fr\/wp-json\/wp\/v2\/users\/12"}],"replies":[{"embeddable":true,"href":"https:\/\/amagep.co.za\/fr\/wp-json\/wp\/v2\/comments?post=1479"}],"version-history":[{"count":0,"href":"https:\/\/amagep.co.za\/fr\/wp-json\/wp\/v2\/posts\/1479\/revisions"}],"wp:featuredmedia":[{"embeddable":true,"href":"https:\/\/amagep.co.za\/fr\/wp-json\/wp\/v2\/media\/1480"}],"wp:attachment":[{"href":"https:\/\/amagep.co.za\/fr\/wp-json\/wp\/v2\/media?parent=1479"}],"wp:term":[{"taxonomy":"category","embeddable":true,"href":"https:\/\/amagep.co.za\/fr\/wp-json\/wp\/v2\/categories?post=1479"},{"taxonomy":"post_tag","embeddable":true,"href":"https:\/\/amagep.co.za\/fr\/wp-json\/wp\/v2\/tags?post=1479"}],"curies":[{"name":"wp","href":"https:\/\/api.w.org\/{rel}","templated":true}]}}