{"id":145,"date":"2009-03-17T10:09:36","date_gmt":"2009-03-17T10:09:36","guid":{"rendered":"https:\/\/amagep.co.za\/fr\/2009\/03\/17\/fritzl-confronte-au-temoignage-video-de-sa-fille-au-2e-jour-du-proces\/"},"modified":"2009-03-17T10:09:36","modified_gmt":"2009-03-17T10:09:36","slug":"fritzl-confronte-au-temoignage-video-de-sa-fille-au-2e-jour-du-proces","status":"publish","type":"post","link":"https:\/\/amagep.co.za\/fr\/fritzl-confronte-au-temoignage-video-de-sa-fille-au-2e-jour-du-proces\/","title":{"rendered":"Fritzl confront\u00e9 au t\u00e9moignage vid\u00e9o de sa fille au 2e jour du proc\u00e8s"},"content":{"rendered":"<h2 class=\"f_intro\"><img loading=\"lazy\" class=\" size-full wp-image-144\" src=\"https:\/\/amagep.co.za\/fr\/wp-content\/uploads\/2009\/03\/violeurpapa.jpg\" border=\"0\" width=\"226\" height=\"102\" \/>\u00a0<\/h2>\n<h2 class=\"f_intro\"><font face=\"Calibri\" color=\"#000000\"><font size=\"3\">Au deuxi\u00e8me jour du proc\u00e8<span>\u00a0 <\/span>du p\u00e8re <span>\u00a0<\/span>incestueux Josef Fritzl, la cours doit continuer de visionner le t\u00e9moignage de sa fille Elisabeth, une video de 11 heures relatant ses 24 ann\u00e9es de calviare. <\/font><\/font><\/h2>\n<p> <!--more--> <\/p>\n<p class=\"f_intro\"><strong>AFP <\/strong>&#8211; L&rsquo;Autrichien Josef Fritzl, au deuxi\u00e8me jour de son proc\u00e8s, continuera, toujours \u00e0 huis-clos, \u00e0 \u00eatre confront\u00e9 au t\u00e9moignage vid\u00e9o de sa fille Elisabeth, s\u00e9questr\u00e9e et viol\u00e9e pendant 24 ans dans une cave-cachot.<\/p>\n<p class=\"f_intro\">Devant la Cour d&rsquo;assises de Sankt-P\u00f6lten, \u00e0 60 km \u00e0 l&rsquo;ouest de Vienne, les trois juges et huit jur\u00e9s, entr\u00e9s d\u00e8s la veille dans le vif du sujet, vont poursuivre le visionnage, sous les yeux de l&rsquo;accus\u00e9, du t\u00e9moignage d&rsquo;Elisabeth, enregistr\u00e9 en vid\u00e9o et long de 11 heures. Ce visionnage, dans lequel la victime retrace \u00ab\u00a0le martyre inimaginable\u00a0\u00bb inflig\u00e9 par son p\u00e8re qui se servait d&rsquo;elle \u00ab\u00a0comme d&rsquo;un jouet\u00a0\u00bb, selon les termes de la Procureure, Christine Burkheiser, devrait s&rsquo;achever mercredi ou jeudi.<\/p>\n<p>Pendant 24 ans, Fritzl a men\u00e9 cette double vie diabolique \u00e0 l&rsquo;insu de son \u00e9pouse, de ses sept autres enfants et de tout son entourage.<\/p>\n<p>D&rsquo;apr\u00e8s le porte-parole du Tribunal, Franz Cutka, il est aussi possible que la Cour d&rsquo;assises proc\u00e8de mardi \u00e0 l&rsquo;audition de l&rsquo;expert psychiatrique, Mme Adelheid Kastner, dont les conclusions pourraient jouer un r\u00f4le-cl\u00e9 dans le verdict final, pr\u00e9vu a priori pour le vendredi 20 mars, mais peut-\u00eatre aussi pour la veille.<\/p>\n<p class=\"f_intro\">S&rsquo;il a plaid\u00e9 \u00ab\u00a0coupable\u00a0\u00bb des chefs d&rsquo;accusation de s\u00e9questration, viol, inceste et menaces, Josef Fritzl, \u00e2g\u00e9 de 73 ans, s&rsquo;est en revanche d\u00e9clar\u00e9 \u00ab\u00a0non-coupable\u00a0\u00bb des chefs d&rsquo;accusation du meurtre d&rsquo;un des sept enfants n\u00e9s de l&rsquo;inceste et d&rsquo;esclavage. Il a ainsi r\u00e9cus\u00e9 sa responsabilit\u00e9 dans la mort dans la cave-cachot en 1996, deux jours apr\u00e8s sa naissance, d&rsquo;un nourrisson auquel il aurait refus\u00e9 des soins ext\u00e9rieurs. L&rsquo;accusation de meurtre est passible de la prison \u00e0 vie.<\/p>\n<p>Il a \u00e9galement rejet\u00e9 l&rsquo;accusation d&rsquo;esclavage, passible de 10 \u00e0 20 ans de d\u00e9tention et jug\u00e9e pour la premi\u00e8re fois en Autriche o\u00f9 le cumul des peines n&rsquo;existe pas. Seule la peine la plus lourde s&rsquo;appliquera \u00e0 Josef Fritzl p\u00e9nalement responsable de ses actes, selon les experts psychiatres.<\/p>\n<p class=\"f_intro\">Source<\/p>\n<p class=\"f_intro\"><a href=\"http:\/\/www.france24.com\/fr\/20090317-josef-fritzl-proces-temoignage-video-elizabeth-sequestree-24-ans\" title=\"www.france24.com\">France24.com<\/a><\/p>\n<!-- AddThis Advanced Settings generic via filter on the_content --><!-- AddThis Share Buttons generic via filter on the_content -->","protected":false},"excerpt":{"rendered":"<p>\u00a0 Au deuxi\u00e8me jour du proc\u00e8\u00a0 du p\u00e8re \u00a0incestueux Josef Fritzl, la cours doit continuer&#8230;<!-- AddThis Advanced Settings generic via filter on get_the_excerpt --><!-- AddThis Share Buttons generic via filter on get_the_excerpt --><\/p>\n","protected":false},"author":1,"featured_media":144,"comment_status":"open","ping_status":"open","sticky":false,"template":"","format":"standard","meta":[],"categories":[5],"tags":[26],"_links":{"self":[{"href":"https:\/\/amagep.co.za\/fr\/wp-json\/wp\/v2\/posts\/145"}],"collection":[{"href":"https:\/\/amagep.co.za\/fr\/wp-json\/wp\/v2\/posts"}],"about":[{"href":"https:\/\/amagep.co.za\/fr\/wp-json\/wp\/v2\/types\/post"}],"author":[{"embeddable":true,"href":"https:\/\/amagep.co.za\/fr\/wp-json\/wp\/v2\/users\/1"}],"replies":[{"embeddable":true,"href":"https:\/\/amagep.co.za\/fr\/wp-json\/wp\/v2\/comments?post=145"}],"version-history":[{"count":0,"href":"https:\/\/amagep.co.za\/fr\/wp-json\/wp\/v2\/posts\/145\/revisions"}],"wp:featuredmedia":[{"embeddable":true,"href":"https:\/\/amagep.co.za\/fr\/wp-json\/wp\/v2\/media\/144"}],"wp:attachment":[{"href":"https:\/\/amagep.co.za\/fr\/wp-json\/wp\/v2\/media?parent=145"}],"wp:term":[{"taxonomy":"category","embeddable":true,"href":"https:\/\/amagep.co.za\/fr\/wp-json\/wp\/v2\/categories?post=145"},{"taxonomy":"post_tag","embeddable":true,"href":"https:\/\/amagep.co.za\/fr\/wp-json\/wp\/v2\/tags?post=145"}],"curies":[{"name":"wp","href":"https:\/\/api.w.org\/{rel}","templated":true}]}}