{"id":143,"date":"2009-03-17T09:51:52","date_gmt":"2009-03-17T09:51:52","guid":{"rendered":"https:\/\/amagep.co.za\/fr\/2009\/03\/17\/ravalomanana-donne-les-contours-de-son-referendum\/"},"modified":"2009-03-17T09:51:52","modified_gmt":"2009-03-17T09:51:52","slug":"ravalomanana-donne-les-contours-de-son-referendum","status":"publish","type":"post","link":"https:\/\/amagep.co.za\/fr\/ravalomanana-donne-les-contours-de-son-referendum\/","title":{"rendered":"Ravalomanana donne les contours de son r\u00e9f\u00e9rendum"},"content":{"rendered":"<div class=\"storytext\"><strong><img loading=\"lazy\" class=\" size-full wp-image-142\" src=\"https:\/\/amagep.co.za\/fr\/wp-content\/uploads\/2009\/03\/presidentmadagascar.jpg\" border=\"0\" width=\"226\" height=\"170\" \/>\u00a0<\/strong><\/div>\n<div class=\"storytext\"><strong>\u00abAcceptez-vous que le pr\u00e9sident de la R\u00e9publique ach\u00e8ve son mandat tel que c\u2019est pr\u00e9vu par la Constitution \u00bb ? <\/strong><\/div>\n<div class=\"storytext\">Ce sera, selon le pr\u00e9sident Ravalomanana, la question qui sera pos\u00e9e aux Malgaches lors du r\u00e9f\u00e9rendum qu\u2019il a propos\u00e9.  <!--more--> <\/div>\n<p class=\"storytext\">Le conseil de ministres qui s\u2019est tenu lundi matin au palais pr\u00e9sidentiel d\u2019Iavoloha n\u2019a pas encore d\u00e9termin\u00e9 la date de la consultation populaire mais, \u00e0 entendre le chef de l\u2019Etat, celle-ci doit se tenir dans les plus brefs d\u00e9lais. <\/p>\n<p class=\"storytext\"><!-- end_story -->Il a par ailleurs promis la mise en place d\u2019une commission \u00e9lectorale ind\u00e9pendante pour que le r\u00e9f\u00e9rendum soit aussi libre et ind\u00e9pendant que tout le monde le souhaite. <\/p>\n<p class=\"storytext\">\u00abC\u2019est le peuple qui doit dire si je dois d\u00e9missionner ou pas, mais surtout pas des gens qui se r\u00e9unissent dans la rue ou qui se rassemblent sur une vague Place \u00bb, a-t-il expliqu\u00e9. <\/p>\n<p class=\"storytext\">Pour Marc Ravalomanana, qui dit comprendre que ses partisans puissent lui en vouloir de remettre ainsi son mandat en jeu, la tenue d\u2019un r\u00e9f\u00e9rendum est d\u00e9j\u00e0 une concession. <\/p>\n<p class=\"storytext\">Mais c&rsquo;est une concession que l\u2019opposition ne veut pas accepter. Lors d\u2019un entretien accord\u00e9 aux journalistes de la radio nationale, l\u2019ancien maire d\u2019Antananarivo a annonc\u00e9 qu\u2019\u00ab un r\u00e9f\u00e9rendum n\u2019a plus lieu d\u2019\u00eatre \u00bb. <\/p>\n<p class=\"storytext\">\u00abLe peuple s\u2019est d\u00e9j\u00e0 exprim\u00e9 et il n\u2019a qu\u2019un souhait, que Monsieur Ravalomanana d\u00e9missionne \u00bb, a-t-il poursuivi. <\/p>\n<p class=\"storytext\">De son c\u00f4t\u00e9, la Haute cour constitutionnelle s\u2019est r\u00e9unie lundi matin pour examiner la r\u00e9solution d\u00e9pos\u00e9e samedi par l\u2019opposition, demandant que soit prononc\u00e9e la destitution du pr\u00e9sident de la R\u00e9publique. Sa d\u00e9cision est attendue dans les prochaines heures. <\/p>\n<p class=\"storytext\">En attendant, la tension reste palpable dans la capitale malgache. A la suite de fortes d\u00e9tonations entendues tr\u00e8s t\u00f4t lundi matin aux environs du palais pr\u00e9sidentiel, les partisans du chef de l\u2019Etat ont \u00e9t\u00e9 mobilis\u00e9s pour venir renforcer les rangs des comit\u00e9s de vigilance post\u00e9s autour du palais d\u2019Etat d\u2019Iavoloha. <\/p>\n<p class=\"storytext\">Les proches de Marc Ravalomanana parlent d\u2019une intimidation \u00e9manant du camp d\u2019en face. Et l\u2019arm\u00e9e qui avait pris ses distances avec le pouvoir en place affirme ne rien avoir avec les explosions. <\/p>\n<p class=\"storytext\">Source<\/p>\n<p class=\"storytext\"><a href=\"http:\/\/www.bbc.co.uk\/french\/news\/story\/2009\/03\/090316_madagascar_update.shtml\" title=\"www.bbc.co.uk\">BBC.CO.UK<\/a><\/p>\n<!-- AddThis Advanced Settings generic via filter on the_content --><!-- AddThis Share Buttons generic via filter on the_content -->","protected":false},"excerpt":{"rendered":"<p>\u00a0 \u00abAcceptez-vous que le pr\u00e9sident de la R\u00e9publique ach\u00e8ve son mandat tel que c\u2019est pr\u00e9vu&#8230;<!-- AddThis Advanced Settings generic via filter on get_the_excerpt --><!-- AddThis Share Buttons generic via filter on get_the_excerpt --><\/p>\n","protected":false},"author":1,"featured_media":142,"comment_status":"open","ping_status":"open","sticky":false,"template":"","format":"standard","meta":[],"categories":[6],"tags":[25],"_links":{"self":[{"href":"https:\/\/amagep.co.za\/fr\/wp-json\/wp\/v2\/posts\/143"}],"collection":[{"href":"https:\/\/amagep.co.za\/fr\/wp-json\/wp\/v2\/posts"}],"about":[{"href":"https:\/\/amagep.co.za\/fr\/wp-json\/wp\/v2\/types\/post"}],"author":[{"embeddable":true,"href":"https:\/\/amagep.co.za\/fr\/wp-json\/wp\/v2\/users\/1"}],"replies":[{"embeddable":true,"href":"https:\/\/amagep.co.za\/fr\/wp-json\/wp\/v2\/comments?post=143"}],"version-history":[{"count":0,"href":"https:\/\/amagep.co.za\/fr\/wp-json\/wp\/v2\/posts\/143\/revisions"}],"wp:featuredmedia":[{"embeddable":true,"href":"https:\/\/amagep.co.za\/fr\/wp-json\/wp\/v2\/media\/142"}],"wp:attachment":[{"href":"https:\/\/amagep.co.za\/fr\/wp-json\/wp\/v2\/media?parent=143"}],"wp:term":[{"taxonomy":"category","embeddable":true,"href":"https:\/\/amagep.co.za\/fr\/wp-json\/wp\/v2\/categories?post=143"},{"taxonomy":"post_tag","embeddable":true,"href":"https:\/\/amagep.co.za\/fr\/wp-json\/wp\/v2\/tags?post=143"}],"curies":[{"name":"wp","href":"https:\/\/api.w.org\/{rel}","templated":true}]}}