{"id":141,"date":"2009-03-17T09:40:47","date_gmt":"2009-03-17T09:40:47","guid":{"rendered":"https:\/\/amagep.co.za\/fr\/2009\/03\/17\/le-president-issa-hayatou-de-la-caf-parle-sur-le-chan\/"},"modified":"2009-03-17T09:40:47","modified_gmt":"2009-03-17T09:40:47","slug":"le-president-issa-hayatou-de-la-caf-parle-sur-le-chan","status":"publish","type":"post","link":"https:\/\/amagep.co.za\/fr\/le-president-issa-hayatou-de-la-caf-parle-sur-le-chan\/","title":{"rendered":"Le president, Issa Hayatou de la CAF parle sur le CHAN"},"content":{"rendered":"<div><strong><img loading=\"lazy\" class=\" size-full wp-image-140\" src=\"https:\/\/amagep.co.za\/fr\/wp-content\/uploads\/2009\/03\/presidentisayatu.jpg\" border=\"0\" width=\"194\" height=\"210\" \/>\u00a0<\/strong><\/div>\n<div><strong><em>\u201cMon appr\u00e9hension a vite \u00e9t\u00e9 dissip\u00e9e gr\u00e2ce \u00e0 la qualit\u00e9 de l\u2019organisation mise en place par la C\u00f4te d\u2019Ivoire\u201d <\/em><\/strong><\/div>\n<div><strong>Monsieur le Pr\u00e9sident, comment avez-vous v\u00e9cu la premi\u00e8re \u00e9dition du CHAN?<\/strong><\/div>\n<div>Avec un peu d\u2019appr\u00e9hension avant mon arriv\u00e9e en C\u00f4te d\u2019Ivoire. Nous lancions une \u00e9preuve nouvelle avec des contours tr\u00e8s sp\u00e9cifiques, r\u00e9serv\u00e9e aux seuls joueurs \u00e9voluant dans leurs comp\u00e9titions nationales.  <!--more--> C\u2019\u00e9tait, aux yeux de beaucoup, un d\u00e9fi. Lorsque le Comit\u00e9 Ex\u00e9cutif a\u00a0d\u00e9cid\u00e9 la cr\u00e9ation de cette \u00e9preuve, nous \u00e9tions tous d\u2019accord pour dire qu\u2019elle correspondait \u00e0 un besoin et que nous \u00e9tions dans l\u2019obligation de donner un coup de pouce \u00e0 nos associations pour renforcer les comp\u00e9titions qu\u2019elles organisent chez elle. C\u2019\u00e9tait la vocation du CHAN, dont on mesurera plus tard les prolongements.\u00a0Mon appr\u00e9hension a vite \u00e9t\u00e9 dissip\u00e9e gr\u00e2ce \u00e0 la qualit\u00e9 de l\u2019organisation mise en place par la C\u00f4te d\u2019Ivoire. Je me dois de rendre un vibrant hommage au Pr\u00e9sident Laurent Gbabo, au Premier ministre Guillaume Soro et \u00e0 tout son gouvernement, ainsi qu\u2019\u00e0 Jacques Anouma , pr\u00e9sident du COCHAN, et son \u00e9quipe qui, dans un contexte difficile, ont fait des sacrifices pour faire vivre et de quelle mani\u00e8re le CHAN. Une premi\u00e8re \u00e9dition est souvent d\u00e9cisive. Si l\u2019organisation est d\u00e9faillante, c\u2019est la comp\u00e9tition elle-m\u00eame qui est remise en question. Le choix de la C\u00f4te d\u2019Ivoire comme terre d\u2019accueil a \u00e9t\u00e9 un excellent choix. J\u2019ai, tout au long de mon s\u00e9jour, entendu parler de r\u00e9conciliation nationale, de paix. Si la CAF a pu contribuer, ne serait-ce que de fa\u00e7on minime, au renforcement de ce double engagement, nous pouvons dire que nous avons r\u00e9ussi notre action. Le football et la politique, dans nos pays, vont souvent de pair. Quand on analyse bien la situation, l\u2019un a souvent besoin de l\u2019autre. Mais ce n\u2019est pas, comme certains veulent le dire pour la critiquer une instrumentalisation du football par la politique. C\u2019est tout simplement m\u00e9conna\u00eetre les r\u00e9alit\u00e9s sociales et \u00e9conomiques de nos pays \u00bb.<\/div>\n<div><strong>Est-ce que cette comp\u00e9tition enti\u00e8rement nouvelle dans son concept a r\u00e9pondu \u00e0 l\u2019attente de la CAF?<\/strong><\/div>\n<div>\u00ab Nous avons assist\u00e9 \u00e0 une comp\u00e9tition d\u2019un tr\u00e8s bon niveau. Etaient pr\u00e9sentes \u00e0 Abidjan et Bouak\u00e9 des \u00e9quipes qui \u00e9taient \u00e0 quelques unit\u00e9s pr\u00e8s la s\u00e9lection nationale de leur pays, la Libye, la Zambie, le Zimbabwe par exemple ; d\u2019autres \u00e9taient l\u2019\u00e9manation d\u2019un ou de deux clubs ; les derni\u00e8res avaient \u00e9largi leur recrutement \u00e0 plusieurs clubs. Toutes les confrontations ont \u00e9t\u00e9 acharn\u00e9es, dans des conditions climatiques particuli\u00e8rement \u00e9prouvantes, forte chaleur et humidit\u00e9 ; les demi-finales ont attendu les derniers instants pour d\u00e9livrer leur verdict. Tous les \u00e9chos qui m\u2019ont \u00e9t\u00e9 rapport\u00e9s sont positifs. Je sais qu\u2019un certain nombre de pays qui n\u2019avaient pas souhait\u00e9 s\u2019inscrire pour les \u00e9liminatoires de la premi\u00e8re \u00e9dition ont chang\u00e9 d\u2019attitude. La preuve que nous avons r\u00e9ussi. Je suis convaincu que le CHAN va devenir un troph\u00e9e recherch\u00e9 que tous les pays, un troph\u00e9e qu\u2019il faudra avoir gagn\u00e9.<\/div>\n<div>Le Pr\u00e9sident de l\u2019une de nos associations nationales m\u2019a confi\u00e9 : pour nous la CAN est un r\u00eave tr\u00e8s lointain, inaccessible dans l\u2019imm\u00e9diat. Avec le CHAN, j\u2019ai un projet f\u00e9d\u00e9rateur qui va me permettre de mobiliser tous nos joueurs. Ce championnat est, pour eux, une ambition accessible. Cela correspond\u00a0totalement \u00e0 la philosophie de cette nouvelle comp\u00e9tition \u00bb.<\/div>\n<div>\u00a0<strong>L\u2019absence de quelques grands pays de football, Egypte, Nigeria, Cameroun, Angola, Maroc n\u2019a-telle pas \u00e9t\u00e9 pr\u00e9judiciable \u00e0 la m\u00e9diatisation de l\u2019\u00e9preuve.<\/strong><\/div>\n<div>Il y a eu, d\u2019apr\u00e8s les chiffres que m\u2019a procur\u00e9s la Direction de la Communication quelques 600 hommes de medias accr\u00e9dit\u00e9s, presse audiovisuelle, presse \u00e9lectronique, presse \u00e9crite confondues. Ce n\u2019est qu\u2019un d\u00e9but. Je pense que nos joueurs \u00e9taient livr\u00e9s \u00e0 eux-m\u00eames, d\u00e9consid\u00e9r\u00e9s dans leurs propres pays. Nous leur avons donn\u00e9s l\u2019occasion de montrer ce dont ils sont capables dans un contexte continental. Aujourd\u2019hui chacun peut avoir l\u2019espoir d\u2019acc\u00e9der \u00e0 ce qui va devenir un grand rassemblement puisque, d\u00e8s la deuxi\u00e8me \u00e9dition, nous allons passer de huit \u00e0 seize participants, comme pour la CAN. Cette derni\u00e8re a mis des ann\u00e9es avant de devenir le troisi\u00e8me \u00e9v\u00e9nement de football apr\u00e8s la Coupe du monde et l\u2019Euro. Je ne le r\u00e9p\u00e8terai jamais assez, nous sommes d\u00e9termin\u00e9s \u00e0 favoriser le d\u00e9veloppement du football dans nos pays. Cela passe par le CHAN, par l\u2019instauration petit \u00e0 petit du professionnalisme, synonyme de statut des joueurs, des entra\u00eeneurs et des dirigeants \u00bb.<\/div>\n<div><strong>Il n\u2019y a pas de comp\u00e9tition r\u00e9ussie sans une bonne organisation. De l\u2019avis de nombreux observateurs, la C\u00f4te d\u2019Ivoire a parfaitement rempli son contrat.<\/strong><\/div>\n<div>Je l\u2019ai d\u00e9j\u00e0 dit. La C\u00f4te d\u2019Ivoire a magnifiquement rempli son contrat. Dor\u00e9navant, son organisation servira de mod\u00e8le. J\u2019esp\u00e8re qu\u2019un jour elle sera candidate \u00e0 l\u2019organisation de sa deuxi\u00e8me CAN apr\u00e8s celle de 1984.J\u2019ai profit\u00e9 de ma pr\u00e9sence dans ce pays pour honorer une invitation de l\u2019ASEC Mimosas \u00e0 visiter ses installations. Elles sont remarquables. Et j\u2019incite tous les Africains en d\u00e9placement en C\u00f4te d\u2019Ivoire \u00e0 y faire un tour. Si nos plus grands clubs disposaient des m\u00eames infrastructures, nous ferions un bond suppl\u00e9mentaire en avant. En ma qualit\u00e9 de Pr\u00e9sident de la CAF, je suis tr\u00e8s fier du travail qu\u2019ils ont accompli. C\u2019est un exemple pour tous \u00bb.<\/div>\n<div><strong>Sur le terrain, les matches ont \u00e9t\u00e9 \u00e9quilibr\u00e9s, t\u00e9moignant d\u2019un nivellement vers le haut des valeurs. Au moins aussi important le comportement des joueurs. Il n\u2019y a pas eu de contestation de d\u00e9cisions d\u2019arbitre. Les footballeurs africains se sont v\u00e9ritablement achet\u00e9 une conduite.<\/strong><\/div>\n<div>Je partage totalement cette affirmation. C\u2019est une de nos grandes satisfactions. Nos joueurs sont plus respectueux les uns des autres. De nos arbitres aussi. Les entra\u00eeneurs se sont parfois \u00e9nerv\u00e9s, les bancs avec eux, les joueurs jamais. La bataille du fair-play a \u00e9t\u00e9 gagn\u00e9e en C\u00f4te d\u2019Ivoire. Ann\u00e9e apr\u00e8s ann\u00e9e, le comportement des joueurs s\u2019am\u00e9liore ; celui des arbitres aussi. De par ma fonction, je m\u2019interdis toujours de porter un quelconque jugement sur l\u2019arbitrage. Je fais totale confiance \u00e0 la Commission des arbitres \u00bb.<\/div>\n<div><strong>Peut-\u00eatre deux d\u00e9ceptions : le faible nombre de buts inscrits en C\u00f4te d\u2019Ivoire alors qu\u2019on avait battu un record lors de la derni\u00e8re CAN. Et l\u2019absence du public \u00e0 Abidjan.<\/strong><\/div>\n<div>Pour beaucoup, les joueurs pr\u00e9sents en C\u00f4te d\u2019Ivoire n\u2019avaient pas d\u2019exp\u00e9rience internationale. Ils \u00e9taient comme des chanteurs et des musiciens qui affrontent pour la premi\u00e8re fois le public. Peut-\u00eatre n\u2019ont-ils pas suffisamment tent\u00e9, peut-\u00eatre ne se sont-ils pas mis en position id\u00e9ale de tir. Doit-on le leur reprocher ! La haute comp\u00e9tition r\u00e9clame un peu d\u2019exp\u00e9rience. Le CHAN est l\u00e0 tout \u00e0 la fois pour les aguerrir et leur permettre de frapper \u00e0 la porte de l\u2019\u00e9quipe A. Ce qu\u2019ils ont v\u00e9cu au CHAN leur sera profitable pour la suite de leur carri\u00e8re. L\u2019avenir, c\u2019est un projet que nous construisons ensemble.<\/div>\n<div>La C\u00f4te d\u2019Ivoire a pris un coup sur la t\u00eate d\u00e8s le premier match. Le Chef de l\u2019Etat \u00e9tait pr\u00e9sent, le public aussi ; la pression populaire et celle des medias \u00e9taient \u00e9norme. Vous auriez voulu qu\u2019ils r\u00e9agissent comme si chaque semaine ils jouaient devant 40.000 spectateurs. Je suis s\u00fbr qu\u2019ils se sont battus pour livrer le meilleur d\u2019eux-m\u00eames. Au lieu de les critiquer, il convient de les encourager. Une d\u00e9faite sportive ne doit jamais tourner au bannissement des sportifs. Ancien sportif, ce n \u2018est pas comme cela que je con\u00e7ois la comp\u00e9tition. Nous sommes parfois excessifs dans la louange comme dans la critique. Pas un athl\u00e8te ne fait expr\u00e8s de perdre. Que le meilleur gagne demeure le principe fondamental de la comp\u00e9tition sportive \u00bb.<\/div>\n<div><strong>16 \u00e9quipes pour la deuxi\u00e8me \u00e9dition. Le CHAN sera la version, dirons -nous cent pour cent \u00ab africaine \u00bb de la CAN. C\u2019est lourd \u00e0 organiser, surtout dans une p\u00e9riode qui est et sera \u00e9conomiquement difficile. Est-ce que la CAF ne serait pas devenue trop ambitieuse ? Sportivement, cela ne semble pas cr\u00e9er de difficult\u00e9s majeures, mais l\u2019intendance pourra-t-elle suivre?<\/strong><\/div>\n<div>Certains nous ont fait le m\u00eame reproche quand nous avons augment\u00e9 le nombre de participants \u00e0 la CAN, \u00e0 12 puis \u00e0 16. Il est facile de critiquer ceux qui entreprennent comme ceux qui restent immobiles. On nous a trait\u00e9s de fous quand nous avons confi\u00e9 la CAN au Burkina Faso, puis au Mali. Quelqu\u2019un s\u2019en est-il jamais plaint apr\u00e8s. Notre devoir consiste \u00e9galement \u00e0 encourager la r\u00e9alisation d\u2019infrastructures solides, durables. Vous ne ferez jamais taire les accusateurs publics, les d\u00e9molisseurs professionnels. Nous, nous travaillons.<\/div>\n<div>Depuis que je suis Pr\u00e9sident , la CAF a profond\u00e9ment \u00e9toff\u00e9 son calendrier. Nous avons cr\u00e9\u00e9 des comp\u00e9titions, nous en avons \u00e9galement supprim\u00e9 une (Coupe de la CAF). Nous savons o\u00f9 nous voulons aller: plus loin, plus haut, plus beau \u00bb.<\/div>\n<div>Source <\/div>\n<div><a href=\"http:\/\/fr.cafonline.com\/competition\/championnat-dafrique-des-nations_2009\/news\/2428-le-president-issa-hayatou-de-la-caf-parle-sur-le-chan.html\" title=\"www.cafonline.com\">Cafonline<\/a><\/div>\n<p><!-- Article End --><\/p>\n<!-- AddThis Advanced Settings generic via filter on the_content --><!-- AddThis Share Buttons generic via filter on the_content -->","protected":false},"excerpt":{"rendered":"<p>\u00a0 \u201cMon appr\u00e9hension a vite \u00e9t\u00e9 dissip\u00e9e gr\u00e2ce \u00e0 la qualit\u00e9 de l\u2019organisation mise en&#8230;<!-- AddThis Advanced Settings generic via filter on get_the_excerpt --><!-- AddThis Share Buttons generic via filter on get_the_excerpt --><\/p>\n","protected":false},"author":1,"featured_media":140,"comment_status":"open","ping_status":"open","sticky":false,"template":"","format":"standard","meta":[],"categories":[7],"tags":[24],"_links":{"self":[{"href":"https:\/\/amagep.co.za\/fr\/wp-json\/wp\/v2\/posts\/141"}],"collection":[{"href":"https:\/\/amagep.co.za\/fr\/wp-json\/wp\/v2\/posts"}],"about":[{"href":"https:\/\/amagep.co.za\/fr\/wp-json\/wp\/v2\/types\/post"}],"author":[{"embeddable":true,"href":"https:\/\/amagep.co.za\/fr\/wp-json\/wp\/v2\/users\/1"}],"replies":[{"embeddable":true,"href":"https:\/\/amagep.co.za\/fr\/wp-json\/wp\/v2\/comments?post=141"}],"version-history":[{"count":0,"href":"https:\/\/amagep.co.za\/fr\/wp-json\/wp\/v2\/posts\/141\/revisions"}],"wp:featuredmedia":[{"embeddable":true,"href":"https:\/\/amagep.co.za\/fr\/wp-json\/wp\/v2\/media\/140"}],"wp:attachment":[{"href":"https:\/\/amagep.co.za\/fr\/wp-json\/wp\/v2\/media?parent=141"}],"wp:term":[{"taxonomy":"category","embeddable":true,"href":"https:\/\/amagep.co.za\/fr\/wp-json\/wp\/v2\/categories?post=141"},{"taxonomy":"post_tag","embeddable":true,"href":"https:\/\/amagep.co.za\/fr\/wp-json\/wp\/v2\/tags?post=141"}],"curies":[{"name":"wp","href":"https:\/\/api.w.org\/{rel}","templated":true}]}}