{"id":1385,"date":"2022-07-17T19:14:00","date_gmt":"2022-07-17T19:14:00","guid":{"rendered":"https:\/\/amagep.co.za\/fr\/?p=1385"},"modified":"2023-05-13T21:59:17","modified_gmt":"2023-05-13T21:59:17","slug":"experience-amere-dune-famille-des-immigres-en-afrique-du-sud","status":"publish","type":"post","link":"https:\/\/amagep.co.za\/fr\/experience-amere-dune-famille-des-immigres-en-afrique-du-sud\/","title":{"rendered":"Exp\u00e9rience am\u00e8re d\u2019une famille des immigr\u00e9s en Afrique du Sud"},"content":{"rendered":"\n<p>Dans le cadre de porter haut la voix des abus\u00e9s et des opprim\u00e9s, cette \u00e9dition vous rapporte une exp\u00e9rience unique douloureuse d\u2019une famille des immigr\u00e9s en Afrique du sud \u00e0 la suite des attaques x\u00e9nophobiques. Venant Mambumina est un cam\u00e9raman et r\u00e9alisateur congolais, membre de l\u2019AMAGEP au d\u00e9partement des m\u00e9dias, qui a trouv\u00e9 un moyen d\u2019immigrer ici en Afrique du Sud. Dans son entreprise de m\u00e9dias, il a adopt\u00e9 la philosophie du d\u00e9bat, de l\u2019investigation et de la vie sociale qui concerne les personnes vivant en R\u00e9publique d\u00e9mocratique du Congo ainsi que la diaspora congolaise en Afrique du Sud. Dans la plupart des circonstances entourant son innovation dans les m\u00e9dias, M. Venant Mambumina a r\u00e9ussi \u00e0 promouvoir la libert\u00e9 d\u2019expression parmi les participants \u00e0 ses \u00e9missions de t\u00e9l\u00e9vision et pr\u00e9sentations partag\u00e9es sur Internet o\u00f9 son \u00e9pouse Mme Christel Kabwika Tanga est \u00e9galement impliqu\u00e9e.<\/p>\n\n\n\n<p><br>Une teneur de manque de tol\u00e9rance entre les t\u00e9l\u00e9spectateurs a conduit \u00e0 la jalousie, \u00e0 la tyrannie et \u00e0 l\u2019hostilit\u00e9 qui ont affect\u00e9 la vie de ce dernier et de sa famille. Comme tous deux sont membres de l\u2019AMAGEP, ils ont pr\u00e9sent\u00e9 un spectacle appel\u00e9 \u00ab Christel Show \u00bb dans lequel ils \u00e9clairaient les questions qui affectent les \u00e9trangers en Afrique du Sud. Pratiquement, ils enqu\u00eatent sur les raisons et les sources des attaques x\u00e9nophobes en Afrique du Sud, en particulier \u00e0 Johannesburg.<\/p>\n\n\n\n<p><br>Faisant suite \u00e0 la vague de x\u00e9nophobie du 1er au 5 septembre 2019 \u00e0 Johannesburg, Mme Christel Kabwika Tanga, r\u00e9fugi\u00e9e congolaise en Afrique du Sud, a tent\u00e9 de creuser au-del\u00e0 de la x\u00e9nophobie. Elle a pos\u00e9 de nombreuses questions sur la situation. En cons\u00e9quence, les gens ont exprim\u00e9 leurs opinions principalement les victimes de la x\u00e9nophobie. Comme la tension est toujours forte autour de ce sujet et \u00e9tant donn\u00e9 que la plupart des ressortissants \u00e9trangers en Afrique du Sud ne sont pas \u00e0 l\u2019avant-garde du d\u00e9bat sur la x\u00e9nophobie, les interviews et les vid\u00e9os de Mme Tanga ont d\u00e9clench\u00e9 des attaques contre sa vie personnelle. Son exp\u00e9rience est transform\u00e9e clandestinement afin de sauver la vie de toute sa famille alors qu\u2019elle devenait une cible potentielle. Ceci est li\u00e9 au sabotage au march\u00e9 de Yeoville le 21 juin 2022, o\u00f9 son magasin a \u00e9t\u00e9 incendi\u00e9 ainsi que de nombreux autres stands et magasins \u00e9trangers. Ce fut un moment tr\u00e8s tragique pour la famille. <\/p>\n\n\n\n<figure class=\"wp-block-image size-large\"><img loading=\"lazy\" width=\"480\" height=\"640\" src=\"https:\/\/amagep.co.za\/fr\/wp-content\/uploads\/2023\/05\/WhatsApp-Image-2023-05-09-at-6.58.56-PM-1.jpeg\" alt=\"\" class=\"wp-image-1386\" srcset=\"https:\/\/amagep.co.za\/fr\/wp-content\/uploads\/2023\/05\/WhatsApp-Image-2023-05-09-at-6.58.56-PM-1.jpeg 480w, https:\/\/amagep.co.za\/fr\/wp-content\/uploads\/2023\/05\/WhatsApp-Image-2023-05-09-at-6.58.56-PM-1-225x300.jpeg 225w\" sizes=\"(max-width: 480px) 100vw, 480px\" \/><\/figure>\n\n\n\n<p>Le 12 juillet 2022, le m\u00eame groupe de personnes manifestant en tant que membres de groupes anti-immigr\u00e9s appel\u00e9s \u00ab Op\u00e9ration Dudula \u00bb a fait irruption dans la maison de M. Mambumina pour nuire \u00e0 sa famille apr\u00e8s l\u2019incendie du march\u00e9. Ils ont trouv\u00e9 Mme Tanga et les deux filles \u00e0 la maison en l\u2019absence de M. Mambumina. Si vuln\u00e9rable qu\u2019elle a \u00e9t\u00e9 bless\u00e9e en tentant de prot\u00e9ger les filles contre le viol. Merci aux bons voisins qui sont venus \u00e0 leur secours et ont r\u00e9ussi \u00e0 les sauver de ces assaillants. Cette famille vit encore aujourd\u2019hui dans la peur.<\/p>\n\n\n\n<p><br>Il faut noter que l\u2019op\u00e9ration Dudula est une initiative de personnes se r\u00e9clamant nationalistes et souhaitant voir tous les \u00e9trangers noirs quitter l\u2019Afrique du Sud. Ils attaquent p\u00e9riodiquement les entreprises des \u00e9trangers noirs dans les centres urbains et dans les banlieues des grandes villes. Ce groupe exige que le gouvernement sud-africain r\u00e9voque les permis de r\u00e9fugi\u00e9s des \u00e9trangers noirs et qu\u2019aucun \u00e9tranger noir ne soit engag\u00e9 dans une entreprise en Afrique du Sud. Ils attaquent \u00e9galement les \u00e9trangers dans les h\u00f4pitaux, les \u00e9coles et les quartiers.<\/p>\n\n\n\n<p>Le cas de M. Mambumina et de sa famille exige la participation des gens pour s\u2019y attaquer une fois pour la famille et au nom de la d\u00e9mocratie. \u00c0 l\u2019heure actuelle, une famille enti\u00e8re vit dans la peur d\u2019\u00eatre attaqu\u00e9e si les manifestants de Dudula identifient encore leur adresse.<br>Selon l\u2019interpr\u00e9tation des droits universels, la torture est moralement r\u00e9pr\u00e9hensible par nature parce que toutes les formes de torture \u00ab impliquent l\u2019infliction intentionnelle de souffrances physiques extr\u00eames \u00e0 une personne sans consentement et sans d\u00e9fense \u00bb, bien qu\u2019il ne s\u2019ensuive pas n\u00e9cessairement que la torture soit r\u00e9pr\u00e9hensible en toutes circonstances. On entend par torture tout acte par lequel une douleur ou des souffrances aigu\u00ebs, physiques ou mentales, sont intentionnellement inflig\u00e9es \u00e0 une personne dans le but d\u2019obtenir d\u2019elle ou d\u2019une tierce personne des renseignements ou des aveux, en la punissant d\u2019un acte qu\u2019elle-m\u00eame ou une tierce personne a commis ou est soup\u00e7onn\u00e9e d\u2019avoir commis.<\/p>\n<!-- AddThis Advanced Settings generic via filter on the_content --><!-- AddThis Share Buttons generic via filter on the_content -->","protected":false},"excerpt":{"rendered":"<p>Dans le cadre de porter haut la voix des abus\u00e9s et des opprim\u00e9s, cette \u00e9dition&#8230;<!-- AddThis Advanced Settings generic via filter on get_the_excerpt --><!-- AddThis Share Buttons generic via filter on get_the_excerpt --><\/p>\n","protected":false},"author":1,"featured_media":1389,"comment_status":"open","ping_status":"open","sticky":false,"template":"","format":"standard","meta":[],"categories":[5],"tags":[],"_links":{"self":[{"href":"https:\/\/amagep.co.za\/fr\/wp-json\/wp\/v2\/posts\/1385"}],"collection":[{"href":"https:\/\/amagep.co.za\/fr\/wp-json\/wp\/v2\/posts"}],"about":[{"href":"https:\/\/amagep.co.za\/fr\/wp-json\/wp\/v2\/types\/post"}],"author":[{"embeddable":true,"href":"https:\/\/amagep.co.za\/fr\/wp-json\/wp\/v2\/users\/1"}],"replies":[{"embeddable":true,"href":"https:\/\/amagep.co.za\/fr\/wp-json\/wp\/v2\/comments?post=1385"}],"version-history":[{"count":0,"href":"https:\/\/amagep.co.za\/fr\/wp-json\/wp\/v2\/posts\/1385\/revisions"}],"wp:featuredmedia":[{"embeddable":true,"href":"https:\/\/amagep.co.za\/fr\/wp-json\/wp\/v2\/media\/1389"}],"wp:attachment":[{"href":"https:\/\/amagep.co.za\/fr\/wp-json\/wp\/v2\/media?parent=1385"}],"wp:term":[{"taxonomy":"category","embeddable":true,"href":"https:\/\/amagep.co.za\/fr\/wp-json\/wp\/v2\/categories?post=1385"},{"taxonomy":"post_tag","embeddable":true,"href":"https:\/\/amagep.co.za\/fr\/wp-json\/wp\/v2\/tags?post=1385"}],"curies":[{"name":"wp","href":"https:\/\/api.w.org\/{rel}","templated":true}]}}