{"id":1345,"date":"2023-02-07T20:03:40","date_gmt":"2023-02-07T20:03:40","guid":{"rendered":"https:\/\/amagep.co.za\/fr\/?p=1345"},"modified":"2023-02-07T20:03:42","modified_gmt":"2023-02-07T20:03:42","slug":"habemus-papam-le-pape-en-rdc-ambongo-au-paroxysme-de-la-haine","status":"publish","type":"post","link":"https:\/\/amagep.co.za\/fr\/habemus-papam-le-pape-en-rdc-ambongo-au-paroxysme-de-la-haine\/","title":{"rendered":"Habemus Papam: Le Pape en RDC, Ambongo au Paroxysme de la Haine"},"content":{"rendered":"\n<p>Le cardinalat en RDC est le nom du nouveau parti politique fond\u00e9 par Fridolin Ambongo \u00e0 l\u2019aune du 40\u00e8me voyage par le Pape Fran\u00e7ois. De son vrai nom Jorge Mario Bergoglio, le Souverain Pontife a foul\u00e9 le sol b\u00e9ni de la RDC le mardi 31 janvier 2023, 38 apr\u00e8s la derni\u00e8re visite papale par Pape Jean Paul 1er en ao\u00fbt 1985, cinq ans apr\u00e8s qu\u2019il eut entrepris son premier voyage en mai 1980. 266\u00e8me Pape de l\u2019histoire, c\u2019est sous le r\u00e8gne du Pr\u00e9sident Congolais F\u00e9lix Antoine Tshisekedi que le Tr\u00e8s Saint P\u00e8re a choisi de bonifier spirituellement la R\u00e9publique D\u00e9mocratique du Congo. Kinshasa et la RDC ont v\u00e9cu la pr\u00e9sence papale (31 janvier au 03 f\u00e9vrier 2023) dans une expression de joie incommensurable\u00a0; un effet boomerang que seuls les esprits aguerris, \u00e9taient capables d\u2019en extirper la quintessence. Ce n\u2019est pas tous les jours que le souverain pontife accepte des invitations, m\u00eame dans un pays o\u00f9 plus de 45% de la population sont catholiques en d\u00e9pit de la la\u00efcit\u00e9 stipul\u00e9e dans la constitution, n\u2019en d\u00e9plaise \u00e0 une kabilie aux abois. Aussi, c\u2019est une premi\u00e8re apr\u00e8s la mort du Pape Benoit XVI \u2013Joseph Aloisius Ratzinger le 31 d\u00e9cembre 2022, son pr\u00e9d\u00e9cesseur qui avait renonc\u00e9 \u00e0 sa papaut\u00e9 le 28 f\u00e9vrier 2013. Dans sa papamobile depuis l\u2019a\u00e9roport de N\u2019djili \u00e0 Kinshasa, il admirait en b\u00e9nissant le monde qui jonchait le boulevard Lumumba. Tous, catholiques pratiquant, chr\u00e9tiens, croyants et adeptes d\u2019autres religions, peuplaient l\u2019itin\u00e9raire qu\u2019empruntait le cort\u00e8ge papal \u00a0jusqu\u2019au Palais de la Nation avant de rejoindre la nonciature, toujours dans le voisinage du Palais pr\u00e9sidentiel, son lieu d\u2019h\u00e9bergement.<\/p>\n\n\n\n<p>Au Palais de la Nation, le Pr\u00e9sident de la R\u00e9publique \u00e9tait dans son \u00e9l\u00e9ment; il \u00e9talait, sans langue de bois, \u00e0 l\u2019endroit du Pape Fran\u00e7ois, les crises qui se perp\u00e9tuent contre la sant\u00e9 de la R\u00e9publique D\u00e9mocratique du Congo. Le successeur de l\u2019Ap\u00f4tre Pierre \u00e9coutait de toutes ses oreilles l\u2019adresse du Chef de l\u2019Etat qui donnait un bilan macabre cons\u00e9cutif aux morts enregistr\u00e9es dans la partie Est du pays sans perdre l\u2019espoir des jours meilleurs. Il a fustig\u00e9, devant Sa Saintet\u00e9 Pape Fran\u00e7ois,\u00a0 le r\u00f4le des puissances \u00e9trang\u00e8res qui se ruent, sans merci ni consid\u00e9ration de la vie humaine, sur les richesses de la RDC sous la couverture des forces rwandaises. Le mutisme de la communaut\u00e9 internationale qui oxyg\u00e8ne ces pillages, d\u00e9placements des populations meurtries et des morts, est une forme de complicit\u00e9 et d\u2019une coaction av\u00e9r\u00e9es. \u00a0Des crimes et faits aberrants qui \u00e9chappent \u00e0 l\u2019attention des leaders du nouveau parti politique, sous l\u2019\u00e9gide d\u2019Ambongo.<\/p>\n\n\n\n<figure class=\"wp-block-image size-large\"><img loading=\"lazy\" width=\"480\" height=\"320\" src=\"https:\/\/amagep.co.za\/fr\/wp-content\/uploads\/2023\/02\/pop_in_drc-1.jpeg\" alt=\"\" class=\"wp-image-1346\" srcset=\"https:\/\/amagep.co.za\/fr\/wp-content\/uploads\/2023\/02\/pop_in_drc-1.jpeg 480w, https:\/\/amagep.co.za\/fr\/wp-content\/uploads\/2023\/02\/pop_in_drc-1-300x200.jpeg 300w\" sizes=\"(max-width: 480px) 100vw, 480px\" \/><\/figure>\n\n\n\n<p>L\u2019arriv\u00e9e du&nbsp; Saint P\u00e8re en RDC n\u2019a pas fait beaucoup d\u2019\u00e9mules; elle a attir\u00e9 sans arr\u00eat le regard des m\u00e9chants ennemis de la RDC sur les exploits que Fatshi B\u00e9ton enregistre sur la sc\u00e8ne internationale, le pr\u00e9lat \u00ab&nbsp;politique&nbsp;\u00bb catholique en premier. Le pr\u00e9sident du Vatican a \u00e9t\u00e9 d\u00e9sappoint\u00e9 par les tribulations putatives qui nourrissent l\u2019app\u00e9tence de ceux qui bazardent les acquis de la RDC, sans respect d\u00fb \u00e0 la vie humaine. &nbsp;Le Saint P\u00e8re qui ne d\u00e9tient pas de passeport, est Pr\u00e9sident du Vatican, un Etat fond\u00e9 le 11 f\u00e9vrier 1929 suite aux accords du Latran. Ces accords portent le titre officiel de&nbsp;<em>Trait\u00e9 entre le Saint-Si\u00e8ge et l&rsquo;Italie<\/em>. Ils furent sign\u00e9s au palais du Latran, le 11 f\u00e9vrier 1929, entre l&rsquo;Etat italien, repr\u00e9sent\u00e9 par Benito Mussolini, et le Saint-Si\u00e8ge, repr\u00e9sent\u00e9 par le cardinal Gasparri, secr\u00e9taire d&rsquo;Etat du Pape Pie XI. En sus d\u2019un trait\u00e9 politique qui r\u00e9glait la question romaine, les accords comprennent une convention financi\u00e8re de quatre milliards de lires qui d\u00e9dommageait le Saint-Si\u00e8ge; et un concordat qui statuait sur la position de l&rsquo;Eglise en Italie, Le catholicisme devenait la religion officielle de l&rsquo;Etat italien. Les accords du Latran ont fait du Pape souverain temporel sur l&rsquo;Etat de la Cit\u00e9 du Vatican form\u00e9 de 44 hectares (0,44 km2); le plus petit Etat du monde.&nbsp;<\/p>\n\n\n\n<p>A l\u2019a\u00e9rodrome de Ndolo, am\u00e9nag\u00e9 pour la cause, La RDC s\u2019\u00e9tait r\u00e9unie sur sa piste d\u2019atterrissage et au-del\u00e0, pour suivre l\u2019hom\u00e9lie papale le mercredi 01 f\u00e9vrier; journ\u00e9e f\u00e9ri\u00e9e. Fran\u00e7ois avait eu des mots tr\u00e8s forts la veille pour d\u00e9noncer ce qu\u2019il a appel\u00e9 \u00ab un colonialisme \u00e9conomique \u00bb, et a d\u00e9nonc\u00e9 la pr\u00e9dation des ressources congolaises alors que les populations souffrent.<strong> <\/strong>Dans cette enceinte de Ndolo, plus d\u2019un million des personnes ont assist\u00e9 \u00e0 l\u2019eucharistie papale. Le Saint P\u00e8re a centr\u00e9 son hom\u00e9lie sur la paix.\u00a0Il a interpell\u00e9 ceux qui commettent des violences atroces contre les populations, \u00e0 d\u00e9poser les armes, \u00e0 avoir le courage d\u2019\u00e9couter les pauvres, surtout \u00ab\u00a0<em>\u00e0 briser le cercle de la violence, \u00e0 d\u00e9manteler les complots de la haine<\/em>\u00a0\u00bb, tout en invitant les Congolais de trouver la force de pardonner. Citer nomm\u00e9ment le Rwanda comme combustible-fuel de la guerre aurait apais\u00e9 plus d\u2019un. Ce qui ne fut pas le cas! Les manifestations marquant le 6<sup>\u00e8me<\/sup> anniversaire du passage dans l\u2019au-del\u00e0 du Sphinx de Limete, Dr Etienne Tshisekedi wa Mulumba, le 01 f\u00e9vrier 2017 \u00e0 Bruxelles, ont \u00e9t\u00e9 mises en veilleuse. Il \u00e9tait facile de comprendre la rationalit\u00e9 d\u2019une telle d\u00e9cision sans laquelle l\u2019engouement inh\u00e9rent \u00e0 l\u2019arriv\u00e9e papale aurait \u00e9t\u00e9 \u00e9gratign\u00e9 consid\u00e9rablement. L\u2019accoutumance avait refait surface pendant la messe avec le cardinal congolais, Fridolin Ambongo, lui qui avait accompagn\u00e9 le Pape Fran\u00e7ois\u00a0 dans sa papamobile depuis l\u2019a\u00e9roport. Fid\u00e8le \u00e0 ses invectives et vilaines veilles habitudes de saper les actions du Pr\u00e9sident F\u00e9lix, l\u2019opposant politique en soutane, Ambongo a continu\u00e9 la messe apr\u00e8s l\u2019hom\u00e9lie papale, ponctu\u00e9e par sa l\u00e9gendaire v\u00e9h\u00e9mence, sous-jacente d\u2019une haine d\u00e9peinte de toute religiosit\u00e9 envers Son Excellence Monsieur le Pr\u00e9sident de la R\u00e9publique Fatshi B\u00e9ton.<\/p>\n\n\n\n<figure class=\"wp-block-image size-large\"><img loading=\"lazy\" width=\"480\" height=\"286\" src=\"https:\/\/amagep.co.za\/fr\/wp-content\/uploads\/2023\/02\/pop_in_drc-3.jpeg\" alt=\"\" class=\"wp-image-1348\" srcset=\"https:\/\/amagep.co.za\/fr\/wp-content\/uploads\/2023\/02\/pop_in_drc-3.jpeg 480w, https:\/\/amagep.co.za\/fr\/wp-content\/uploads\/2023\/02\/pop_in_drc-3-300x179.jpeg 300w\" sizes=\"(max-width: 480px) 100vw, 480px\" \/><\/figure>\n\n\n\n<p><strong>La chicote du B\u00e9ton Arm\u00e9 \u00e0 l\u2019Arrogant Fridolin Ambongo<\/strong> <strong>Basunge, Pr\u00e9sident du Cardinalat<\/strong><\/p>\n\n\n\n<p>Fridolin Ambongo a \u00e9t\u00e9 emp\u00each\u00e9 d\u2019avoir d\u2019audience en t\u00eate-\u00e0- t\u00eate avec le Souverain Pontife durant son s\u00e9jour diplomatique \u00e0 Kinshasa. Ceci ne s\u2019est jamais produit dans toute l\u2019histoire de l\u2019\u00e9glise catholique romaine, que le Pape ne consacre pas un moment avec un Cardinal de l\u2019\u00e9glise locale. Le protocole de Sa Saintet\u00e9 le Pape Fran\u00e7ois et son unique Repr\u00e9sentant l\u00e9gal en R\u00e9publique D\u00e9mocratique du Congo Monseigneur Ettero Balestraro, Nonce Apostolique, ont r\u00e9serv\u00e9 une fin de non-recevoir \u00e0 sa requ\u00eate. En fran\u00e7ais, ils ont cat\u00e9goriquement refus\u00e9 un d\u00eener que le Cardinal politicien Fridolin Ambongo Basunge voulut organiser en l\u2019honneur du Pontificat \u00e0 Kinshasa. Les analystes et chercheurs n\u2019ont pas rat\u00e9 l\u2019occasion de traiter cette fa\u00e7on tordue de proc\u00e9der; il \u00e9tait clairement admis qu\u2019Ambongo s\u2019est mis en concurrence avec le Pr\u00e9sident F\u00e9lix Antoine Tshisekedi, Chef de l\u2019Etat.<\/p>\n\n\n\n<p><br>A ce &nbsp;fameux d\u00eener de gala le rumsteck, steak aloyau, r\u00f4tis multiformes et volaille mijot\u00e9s aux diff\u00e9rentes sauces savoureuses, \u00e9taient d\u00e9j\u00e0 pr\u00e9vus pour les futurs attabl\u00e9s. Le Cardinal politicien y avait r\u00e9serv\u00e9 des places sp\u00e9ciales pour ses h\u00f4tes de marque, notamment son amie intime la belge d\u2019origine congolaise Olive Lembe Di Sita, Moshe Soriano Nissim d\u2019Ardagno devenu par la ruse et le mensonge Mo\u00efse Katumbi, Hypolite Kanambe Kazemberere et toute sorte des d\u00e9linquants pervers du r\u00e9gime criminel de l\u2019AFDL au Congo devenu FCC, Ecide, Envol, Nouvel Elan, Ensemble pour la R\u00e9publique etc\u2026Le Pape Fran\u00e7ois, en tant que Chef d\u2019Etat, exc\u00e9d\u00e9 par les outrances verbales du Cardinal politicien Fridolin Ambongo Basunge \u00e0 l\u2019\u00e9gard de son \u00ab&nbsp;homologue&nbsp;fallacieux\u00bb, selon sa malacie,&nbsp; le Pr\u00e9sident de la R\u00e9publique D\u00e9mocratique du Congo SEM F\u00e9lix Antoine Tshisekedi, l\u2019a corrig\u00e9 publiquement et ignor\u00e9 dans le programme de son s\u00e9jour diplomatique. Il l\u2019a priv\u00e9 d\u2019une audience en t\u00eate-\u00e0-t\u00eate.<\/p>\n\n\n\n<p><br>Pourquoi est-ce que le Vatican n\u2019a pas du tout int\u00e9gr\u00e9 nomm\u00e9ment le Cardinal politicien Fridolin Ambongo Basunge dans le programme officiel du Pape Fran\u00e7ois? C\u2019est le cas de le dire! C\u2019est curieux et interpellant pour un cardinal qui se prend pour la cuisse de Jupiter. Sa Saintet\u00e9 le Pape Fran\u00e7ois et son Repr\u00e9sentant l\u00e9gal en R\u00e9publique D\u00e9mocratique du Congo, Monseigneur Ettore Balestraro, Nonce Apostolique, se m\u00e9fient de ce politicien en soutane filet\u00e9e. Ce qui justifie la non-programmation d\u2019une rencontre en t\u00eate-\u00e0-t\u00eate avec lui.&nbsp; Monseigneur Ettore Balestrero, Nonce Apostolique et unique Repr\u00e9sentant de Sa Saintet\u00e9 le Pape Fran\u00e7ois en RDC, est l\u2019Ambassadeur Extraordinaire et Pl\u00e9nipotentiaire de la Cit\u00e9 du Vatican en RDC. C\u2019est lui qui a \u00e9t\u00e9 le principal architecte du programme relatif au s\u00e9jour papal, avec l\u2019assistance des services de la Pr\u00e9sidence et du gouvernement. Il (Ambongo) a remu\u00e9 \u00ab ciel et terre \u00bb et a sollicit\u00e9 l\u2019intervention du Pr\u00e9sident Denis Sassou Nguesso (comme il le fit pour l\u2019\u00e9vacuation de Monsengo Pasiya) afin qu\u2019il interc\u00e9d\u00e2t en sa faveur aupr\u00e8s du Pr\u00e9sident F\u00e9lix Antoine, et faciliter la rencontre avec le souverain pontife. Pourtant, &nbsp;le Pape &nbsp;a accord\u00e9 des audiences&nbsp; aux victimes de l\u2019Est du pays \u00e0 la Nonciature apostolique apr\u00e8s la messe de Ndolo, aux repr\u00e9sentants de certaines \u0153uvres caritatives, aux jeunes et cat\u00e9chistes au stade des Martyrs. En pr\u00e9sence du Pape Fran\u00e7ois, les pr\u00eatres, les diacres, les personnes consacr\u00e9es et les s\u00e9minaristes ont assist\u00e9 \u00e0 une pri\u00e8re \u00e0 la Cath\u00e9drale Notre-Dame du Congo. Une rencontre priv\u00e9e a eu \u00e9galement lieu avec les membres de la Compagnie de J\u00e9sus \u00e0 la Nonciature apostolique. Avant son d\u00e9part pour Djouba au Soudan du Sud, il a tenu une r\u00e9union avec les \u00e9v\u00eaques \u00e0 la CENCO. Une c\u00e9r\u00e9monie d\u2019au revoir a \u00e9t\u00e9 organis\u00e9e \u00e0 l\u2019a\u00e9roport international de NDjili \u00e0 Kinshasa avant que son avion disparaisse dans les cieux de la RDC, sans avoir eu un t\u00eate-\u00e0-t\u00eate avec le pr\u00e9sident politique du Cardinalat.<\/p>\n\n\n\n<p>En RDC, les v\u00eatements sacerdotaux sont vides de signification, Ambongo a cr\u00e9\u00e9 son parti politique, le Cardinalat, pour monnayer son influence, et s\u2019opposer au Chef de l\u2019Etat en tout et pour tout. Ce faisant, il s\u2019est livr\u00e9 \u00e0 une ivresse p\u00e9cuniaire\u00a0 qui soit pire que la folie meurtri\u00e8re, d\u00e9montr\u00e9e urbi et orbi \u00e0 l\u2019issue de l\u2019eucharistie papale \u00e0 Ndolo. Ce fut un drame visuel pour l\u2019ensemble des congolais. Au lieu de porter \u00e0 la connaissance du Pape la sant\u00e9 eccl\u00e9siastique\u00a0 des chr\u00e9tiens et croyants catholiques, l\u2019opposant politique Cardinal a pris la parole pour signifier au Pape la mis\u00e8re en RDC et d\u00e9cliner toutes les in\u00e9galit\u00e9s sociales dont est victime le peuple congolais, sans lui avouer qu\u2019il en \u00e9tait l\u2019un des architectes; sa lutte contre la gratuit\u00e9 de l\u2019enseignement en RDC faisant foi. \u00a0La duperie n\u2019est pas un terme de r\u00e9f\u00e9rence papal; le \u00a0Tr\u00e8s Saint P\u00e8re est inform\u00e9 par son Nonce apostolique en RDC, Monseigneur Ettore Balestraro de tout. Les deux Jeeps 4&#215;4 donn\u00e9es \u00e0 Ambongo par la kabilie sortante et le nouveau r\u00e9gime ne lui sont pas cach\u00e9es. Le souverain pontife attendait une d\u00e9claration par Fridolin Ambongo qu\u2019il les ait vendues aux ench\u00e8res, et ait r\u00e9troc\u00e9d\u00e9 les produits de la vente \u00e0 cette m\u00eame population afin d\u2019all\u00e9ger sa mis\u00e8re autant que faire se peut \u2013 comme quoi la d\u00e9mence est aussi cardinale. Le luxe insolent dont jouit le pr\u00e9lat congolais, Ambongo en t\u00eate,\u00a0 est une forteresse des aisances biberonn\u00e9es par Olive Lembe, Soriano Katumbi et Hyppolite Kanamberere; une existence \u00e0 l\u2019 oppos\u00e9 des valeurs chr\u00e9tiennes, \u00e0 l\u2019image du Christ qui naquit dans une \u00e9table et partagea avec les pauvres alors que les cieux et la terre lui appartiennent. A chaque fois, le cardinalat, devenu parti politique en RDC, veut s\u2019\u00e9riger en contrepoids par rapport aux actions du Chef de l\u2019Etat. Ambongo venait de rater une opportunit\u00e9 subliminale et une occasion importantisssime de vanter la contribution de l\u2019\u00e9glise catholique \u00e0 la consolidation de la paix en RDC\u00a0; son implication dans un brainstorming visant la r\u00e9solution pacifique des conflits \u00e0 l\u2019Est, sa pr\u00e9occupation par rapport aux populations d\u00e9plac\u00e9es gr\u00e2ce \u00e0 l\u2019implantation de l\u2019\u00e9glise catholique sur l\u2019ensemble du territoire national depuis des d\u00e9cennies, le renforcement des capacit\u00e9s des FARDC dans la guerre contre le Rwanda, ainsi que la d\u00e9nonciation d\u2019une pr\u00e9dation des minerais congolais par les pays \u00e9trangers sous coulisses rwandaises.\u00a0 Les mannes financi\u00e8res qu\u2019\u00e9jaculent en jets saccad\u00e9s Hyppolite et Soriano pour le parti politique, Cardinalat et son pr\u00e9sident Ambongo, sont une museli\u00e8re pour \u00a0qu\u2019il ne cite jamais le Rwanda comme agresseur de la RDC. Le peuple aurait appr\u00e9ci\u00e9 entendre Ambongo faire le mea culpa au nom de l\u2019\u00e9glise qui avait boycott\u00e9 la d\u00e9signation du Pr\u00e9sident de la CENI, en prenant tout le pays en otage, hant\u00e9e par les d\u00e9lices de la haine tribale qu\u2019\u00a0 Ambongo arbore. Tout cela \u00e0 cause de la gratuit\u00e9 de l\u2019enseignement alors qu\u2019elle est stipul\u00e9e \u00e0 l\u2019article 43 de la constitution dont ils accusent FATSHI de violer \u00e0 chaque chant du coq.<\/p>\n\n\n\n<figure class=\"wp-block-image size-large\"><img loading=\"lazy\" width=\"480\" height=\"320\" src=\"https:\/\/amagep.co.za\/fr\/wp-content\/uploads\/2023\/02\/pop_in_drc-2.jpeg\" alt=\"\" class=\"wp-image-1347\" srcset=\"https:\/\/amagep.co.za\/fr\/wp-content\/uploads\/2023\/02\/pop_in_drc-2.jpeg 480w, https:\/\/amagep.co.za\/fr\/wp-content\/uploads\/2023\/02\/pop_in_drc-2-300x200.jpeg 300w\" sizes=\"(max-width: 480px) 100vw, 480px\" \/><\/figure>\n\n\n\n<p>Ambongo ne tient plus compte de la barrette cardinalice, de l&rsquo;anneau cardinalice ainsi que de la pourpre cardinalice. C\u2019\u00e9tait un ambassadeur des individus qui ont mis la RDC \u00e0 feu et \u00e0 sang et d\u00e9muni le peuple congolais dont il pr\u00e9tend porter l\u2019\u00e9tendard. Au lieu de servir l\u2019\u00e9vangile, Ambongo appr\u00eate son parti politique, Cardinalat, pour faire partie du Bloc Patriotique et porter la candidature de Soriano pour la pr\u00e9sidence. Le cardinalat est devenu le milieu politique le plus pathog\u00e8ne par excellence en RDC, et Ambongo \u00e9gr\u00e8ne les proc\u00e9dures en vrai m\u00e9tronome.&nbsp; Il est devenu une personnalit\u00e9 qui s\u2019accroche aux convictions&nbsp;lancinantes et in\u00e9branlables une fois qu\u2019il les a acquises. Ambongo souffre d\u2019une grave hypertrophie. Sait-il que &nbsp;les complots qui se trament au Rwanda ont pour objectif, cette fois-ci, d\u2019\u00e9clater la RDC&nbsp;? A Kigali le parlement a approuv\u00e9 la cr\u00e9ation d\u2019une commission sp\u00e9ciale dont la mission est de revoir les fronti\u00e8res h\u00e9rit\u00e9es de la colonisation. Kagame et ses acolytes sont convaincus qu\u2019une partie de leur territoire se trouverait en RDC et que la Belgique a commis des graves erreurs lors du tra\u00e7age frontalier. La France la Grande-Bretagne et les Etats-Unis ont leurs experts derri\u00e8re cette turpitude. Voil\u00e0 les enjeux qui touchent la s\u00fbret\u00e9 de la RDC au plus haut point sur lesquels Ambongo devrait porter son adresse. Il souffre de la myopie et d\u2019une presbytie qui l\u2019emp\u00eachent de voir autrement&nbsp;; il n\u2019a pu rien d\u00e9tecter, \u00e0 l\u2019exception de faire de FATSHI B\u00e9ton, pr\u00e9curseur des souffrances de tout un peuple. Il laisse tranquille le r\u00e9gime de 18 ans, fossoyeur d\u2019une population parmi&nbsp;laquelle, seuls les animateurs et le pr\u00e9lat catholique recevaient un traitement cinq fois \u00e9toil\u00e9.<\/p>\n\n\n\n<p>Le Pape Fran\u00e7ois a termin\u00e9 son beau s\u00e9jour en RDC&nbsp; en insistant que: \u00ab\u00a0Le pouvoir n&rsquo;a de sens en effet que s&rsquo;il devient service. Combien il est important d&rsquo;agir dans cet esprit en fuyant l&rsquo;autoritarisme, la recherche de gains faciles et soif d&rsquo;argent. Et en m\u00eame temps, favoriser des \u00e9lections libres, transparentes et cr\u00e9dibles\u00a0\u00bb. Il rench\u00e9rissait que le fait de prendre obstin\u00e9ment partie pour sa propre ethnie ou par des int\u00e9r\u00eats particuliers en y mettant des spirales de haine et violence tournerait au d\u00e9triment de tous. Qu\u2019il faille \u00e9viter de glisser dans le tribalisme et la confrontation. Le Tr\u00e8s Saint P\u00e8re a interpell\u00e9 la communaut\u00e9 internationale et les grandes puissances de retirer leurs mains de la RDC, qu\u2019elles les retirent de l&rsquo;Afrique, et qu\u2019elles cessent d&rsquo;\u00e9touffer l&rsquo;Afrique qui est loin d\u2019\u00eatre une mine \u00e0 exploiter ni une terre \u00e0 d\u00e9valiser. Bibliquement et historiquement, la visite du Chef de l\u2019\u00e9glise catholique, d\u00e9montre l&rsquo;importance de la RDC sur l&rsquo;\u00e9chiquier mondial, mais surtout sa place de choix dans le concert des nations. Spirituellement, la RDC est r\u00e9ellement un don de Dieu pour toute l&rsquo;humanit\u00e9. Les Pr\u00e9sidents qui ont eu le privil\u00e8ge divin de le recevoir, deviennent influents au monde, comme le fut le feu Pr\u00e9sident Mobutu. Aujourd\u2019hui Son Excellence Monsieur le Pr\u00e9sident F\u00e9lix Antoine Tshisekedi est entr\u00e9 dans ce carcan. La fin de l&rsquo;agression Rwandaise ne sera qu&rsquo;une question des semaines apr\u00e8s le passage de Sa Saintet\u00e9. Tous les signes spirituals-physiques d\u00e9montrent que F\u00e9lix Antoine Tshisekedi Tshilombo est r\u00e9ellement incontournable dans la sous-r\u00e9gion&nbsp; avec une RDC qui deviendra l\u2019ancrage du d\u00e9veloppement de toute l\u2019Afrique. <em>Wait and see!<\/em> &nbsp;<\/p>\n<!-- AddThis Advanced Settings generic via filter on the_content --><!-- AddThis Share Buttons generic via filter on the_content -->","protected":false},"excerpt":{"rendered":"<p>Le cardinalat en RDC est le nom du nouveau parti politique fond\u00e9 par Fridolin Ambongo&#8230;<!-- AddThis Advanced Settings generic via filter on get_the_excerpt --><!-- AddThis Share Buttons generic via filter on get_the_excerpt --><\/p>\n","protected":false},"author":1,"featured_media":1349,"comment_status":"open","ping_status":"open","sticky":false,"template":"","format":"standard","meta":[],"categories":[9],"tags":[],"_links":{"self":[{"href":"https:\/\/amagep.co.za\/fr\/wp-json\/wp\/v2\/posts\/1345"}],"collection":[{"href":"https:\/\/amagep.co.za\/fr\/wp-json\/wp\/v2\/posts"}],"about":[{"href":"https:\/\/amagep.co.za\/fr\/wp-json\/wp\/v2\/types\/post"}],"author":[{"embeddable":true,"href":"https:\/\/amagep.co.za\/fr\/wp-json\/wp\/v2\/users\/1"}],"replies":[{"embeddable":true,"href":"https:\/\/amagep.co.za\/fr\/wp-json\/wp\/v2\/comments?post=1345"}],"version-history":[{"count":0,"href":"https:\/\/amagep.co.za\/fr\/wp-json\/wp\/v2\/posts\/1345\/revisions"}],"wp:featuredmedia":[{"embeddable":true,"href":"https:\/\/amagep.co.za\/fr\/wp-json\/wp\/v2\/media\/1349"}],"wp:attachment":[{"href":"https:\/\/amagep.co.za\/fr\/wp-json\/wp\/v2\/media?parent=1345"}],"wp:term":[{"taxonomy":"category","embeddable":true,"href":"https:\/\/amagep.co.za\/fr\/wp-json\/wp\/v2\/categories?post=1345"},{"taxonomy":"post_tag","embeddable":true,"href":"https:\/\/amagep.co.za\/fr\/wp-json\/wp\/v2\/tags?post=1345"}],"curies":[{"name":"wp","href":"https:\/\/api.w.org\/{rel}","templated":true}]}}