{"id":1296,"date":"2022-10-06T22:12:29","date_gmt":"2022-10-06T22:12:29","guid":{"rendered":"https:\/\/amagep.co.za\/fr\/?p=1296"},"modified":"2022-10-06T22:12:30","modified_gmt":"2022-10-06T22:12:30","slug":"pre-cope27-et-defis-pour-lafrique-vus-par-lamagep","status":"publish","type":"post","link":"https:\/\/amagep.co.za\/fr\/pre-cope27-et-defis-pour-lafrique-vus-par-lamagep\/","title":{"rendered":"PRE COPE27 et D\u00e9fis pour l&rsquo;Afrique vus par l&rsquo;AMAGEP"},"content":{"rendered":"\n<p>La semaine derni\u00e8re, des d\u00e9l\u00e9gu\u00e9s et des autorit\u00e9s de haut niveau, dont de hauts diplomates du monde, se sont r\u00e9unis \u00e0 Kinshasa, capitale de la R\u00e9publique d\u00e9mocratique du Congo. Suite \u00e0 la discussion et \u00e0 la d\u00e9claration des d\u00e9l\u00e9gu\u00e9s appelant les gouvernements africains, l&rsquo;Union africaine et le Groupe africain de n\u00e9gociateurs \u00e0 agir dans l&rsquo;int\u00e9r\u00eat de l&rsquo;Afrique et \u00e0 faire pression pour de v\u00e9ritables solutions \u00e0 la crise climatique, et \u00e0 prot\u00e9ger les peuples d&rsquo;Afrique et la plan\u00e8te, L&rsquo;AMAGEP analyse le contenu et la forme de la discussion sur le climat en relation avec le d\u00e9veloppement africain.<br>L&rsquo;AMAGEP salue la D\u00e9claration des peuples africains sur la COP27 qui met l&rsquo;accent sur la lutte contre l&rsquo;injustice en p\u00e9riode de transition. Le document a \u00e9t\u00e9 lanc\u00e9 lors de la r\u00e9union minist\u00e9rielle pr\u00e9-COP27 \u00e0 Kinshasa, en R\u00e9publique d\u00e9mocratique du Congo (RDC).<\/p>\n\n\n\n<p>Le Collectif africain pour la justice climatique (ACJC), en collaboration avec des partenaires locaux du CORAP de la RDC et de Toboyi Molili, a appel\u00e9 \u00e0 des actions concr\u00e8tes et urgentes pour faire face \u00e0 la crise climatique, en particulier dans la mesure o\u00f9 elle a un impact sur les femmes et les communaut\u00e9s africaines. C&rsquo;est, selon l&rsquo;AMAGEP, un domaine d&rsquo;attention dans le futur des activit\u00e9s qui auront lieu en Afrique du Sud par l&rsquo;organisation.<\/p>\n\n\n\n<p>Emmanuel Musuyu du CORAP et Toboyi Molili ont d\u00e9clar\u00e9 : \u00ab Nous esp\u00e9rons que nos voix r\u00e9sonneront dans les couloirs du pouvoir lors de la r\u00e9union minist\u00e9rielle pr\u00e9-COP. Le peuple africain vit actuellement la crise climatique et ses demandes de justice climatique doivent \u00eatre prises en compte lors de la soi-disant COP africaine en \u00c9gypte en novembre.<br>Le lancement mondial de la D\u00e9claration intervient juste avant la COP du contre-populaire africain (APCC2022) qui se tiendra \u00e0 travers le continent du 17 au 21 octobre 2022, et comprend un \u00e9v\u00e9nement en ligne et plusieurs assembl\u00e9es populaires locales et nationales et d&rsquo;autres actions des membres, alli\u00e9s et endosseurs.<\/p>\n\n\n\n<p>La D\u00e9claration a \u00e9t\u00e9 \u00e9labor\u00e9e par les organisateurs qui composent l&rsquo;ACJC, comprenant 27 organisations et partenaires bas\u00e9s sur le mouvement et alli\u00e9s et qui ont contribu\u00e9 au document pendant une p\u00e9riode de cinq semaines. Il s&rsquo;agit de la premi\u00e8re partie de la COP 2022 de la Contre des Peuples Africains. \u00c0 la lumi\u00e8re de ces contributions, l&rsquo;appel \u00e0 l&rsquo;action comprend cet ensemble initial de revendications cl\u00e9s :<\/p>\n\n\n\n<p>Fournir un financement climatique et payer la dette climatique due \u00e0 l&rsquo;Afrique<br>D\u00e9velopper des engagements clairs et ambitieux en ligne avec 1,5 degr\u00e9s<br>Construire la souverainet\u00e9 alimentaire pour la r\u00e9silience des peuples africains<br>Arr\u00eatez de financer de fausses solutions qui sont une distraction dangereuse<br>Laisser les combustibles fossiles sous terre et stopper l&rsquo;expansion du gaz sur le continent.<br>Transformer le syst\u00e8me \u00e9nerg\u00e9tique pour la justice \u00e9nerg\u00e9tique.<br>Construire la paix et mettre fin \u00e0 l&rsquo;hypocrisie climatique<br>Arr\u00eatez le colonialisme des d\u00e9chets, la consommation excessive des \u00e9lites et faites progresser une \u00e9conomie circulaire.<br>Respectez et d\u00e9fendez les droits des personnes, y compris le droit de dire non aux infrastructures destructrices et autres projets.<br>AMAGEP est quant \u00e0 lui invit\u00e9 \u00e0 assister et \u00e0 participer activement au COPE27 plus tard cette ann\u00e9e en \u00c9gypte. La lettre d&rsquo;invitation a \u00e9t\u00e9 envoy\u00e9e \u00e0 l&rsquo;organisation par le d\u00e9partement climat et environnement de l&rsquo;ONU. Pour Alain Matundu, le pr\u00e9sident de l&rsquo;AMAGEP, une telle invitation est un signe de reconnaissance et d&rsquo;honneur accord\u00e9 \u00e0 l&rsquo;organisation \u00e0 la suite d&rsquo;un partenariat avec l&rsquo;ONU et d&rsquo;autres organisations s\u0153urs \u00e0 travers le monde.<br>Amagep investira dans la fourniture d&rsquo;expertise, de mise en r\u00e9seau et d&rsquo;expansion dans le domaine du changement climatique et de l&rsquo;activisme environnemental<\/p>\n<!-- AddThis Advanced Settings generic via filter on the_content --><!-- AddThis Share Buttons generic via filter on the_content -->","protected":false},"excerpt":{"rendered":"<p>La semaine derni\u00e8re, des d\u00e9l\u00e9gu\u00e9s et des autorit\u00e9s de haut niveau, dont de hauts diplomates&#8230;<!-- AddThis Advanced Settings generic via filter on get_the_excerpt --><!-- AddThis Share Buttons generic via filter on get_the_excerpt --><\/p>\n","protected":false},"author":1,"featured_media":1297,"comment_status":"open","ping_status":"open","sticky":false,"template":"","format":"standard","meta":[],"categories":[5],"tags":[],"_links":{"self":[{"href":"https:\/\/amagep.co.za\/fr\/wp-json\/wp\/v2\/posts\/1296"}],"collection":[{"href":"https:\/\/amagep.co.za\/fr\/wp-json\/wp\/v2\/posts"}],"about":[{"href":"https:\/\/amagep.co.za\/fr\/wp-json\/wp\/v2\/types\/post"}],"author":[{"embeddable":true,"href":"https:\/\/amagep.co.za\/fr\/wp-json\/wp\/v2\/users\/1"}],"replies":[{"embeddable":true,"href":"https:\/\/amagep.co.za\/fr\/wp-json\/wp\/v2\/comments?post=1296"}],"version-history":[{"count":0,"href":"https:\/\/amagep.co.za\/fr\/wp-json\/wp\/v2\/posts\/1296\/revisions"}],"wp:featuredmedia":[{"embeddable":true,"href":"https:\/\/amagep.co.za\/fr\/wp-json\/wp\/v2\/media\/1297"}],"wp:attachment":[{"href":"https:\/\/amagep.co.za\/fr\/wp-json\/wp\/v2\/media?parent=1296"}],"wp:term":[{"taxonomy":"category","embeddable":true,"href":"https:\/\/amagep.co.za\/fr\/wp-json\/wp\/v2\/categories?post=1296"},{"taxonomy":"post_tag","embeddable":true,"href":"https:\/\/amagep.co.za\/fr\/wp-json\/wp\/v2\/tags?post=1296"}],"curies":[{"name":"wp","href":"https:\/\/api.w.org\/{rel}","templated":true}]}}