{"id":1228,"date":"2022-03-26T22:08:00","date_gmt":"2022-03-26T22:08:00","guid":{"rendered":"https:\/\/amagep.co.za\/fr\/?p=1228"},"modified":"2022-03-28T22:18:16","modified_gmt":"2022-03-28T22:18:16","slug":"fidele-mulaja-binene-a-la-source-du-savoir-diplomatique-pour-le-nouvel-ambassadeur-en-afrique-du","status":"publish","type":"post","link":"https:\/\/amagep.co.za\/fr\/fidele-mulaja-binene-a-la-source-du-savoir-diplomatique-pour-le-nouvel-ambassadeur-en-afrique-du\/","title":{"rendered":"Fid\u00e8le MULAJA BINENE : A La Source du Savoir Diplomatique pour le Nouvel Ambassadeur en Afrique du"},"content":{"rendered":"\n<p>C\u2019est au Palais Egmont qui abrite l&rsquo;Institut Royal des Relations Internationales de Bruxelles o\u00f9 Fidele Mulaja Binene \u00e9tait all\u00e9 s\u2019abreuver. C\u2019est l\u00e0-bas &nbsp;que le distingu\u00e9 Son Excellence Monsieur l\u2019Ambassadeur Pl\u00e9nipotentiaire et Extraordinaire de la RDC en Afrique du Sud, s\u2019est retrouv\u00e9 pour se ressourcer diplomatiquement. Si la vie est un \u00e9ternel recommencement, mieux encore une \u00e9cole sans fin,&nbsp; le renforcement des capacit\u00e9s demeure l\u2019apanage des \u00e9rudits. Fid\u00e8le Mulaja ne s\u2019est pas content\u00e9 de sa vaste connaissance politique d\u00e9j\u00e0 acquise,&nbsp; et des politiques uniquement. Le poids politique et \u00e9conomique que repr\u00e9sente l\u2019Afrique du Sud pour la RDC, requiert du repr\u00e9sentant du Pr\u00e9sident de la R\u00e9publique \u00e0 Pretoria, la possession d\u2019un arsenal du savoir en sus de ses acquis; et Mulaja Binene est sorti de sa zone de confort pour suppl\u00e9er ses connaissances.<\/p>\n\n\n\n<p>Monsieur Fid\u00e8le Mulaja Binene n\u2019\u00e9tait pas le seul nouvel ambassadeur pr\u00e9sent aux s\u00e9ances de formation, s\u00e9minaire et ateliers. Il y avait \u00e9galement les Ambassadeurs Christian Ndongala Nkuku, Ambassadeur pl\u00e9nipotentiaire de la R\u00e9publique d\u00e9mocratique du Congo (RDC) pr\u00e8s le Royaume de Belgique, le Royaume des Pays-Bas, le Grand-Duch\u00e9 de Luxembourg et Mission aupr\u00e8s l\u2019Union Europ\u00e9enne&nbsp;; Paul Empole Efambe, Repr\u00e9sentant de la RDC aupr\u00e8s des institutions internationales bas\u00e9es \u00e0 Gen\u00e8ve; Gilbert Naiya Nabina, Ambassadeur de la RDC en C\u00f4te d\u2019Ivoire; John Nyakeru, Ambassadeur de la RDC au Kenya&nbsp;; Marie-H\u00e9l\u00e8ne Mathey Boo, Ambassadrice de la RDC aux \u00c9tats-Unis&nbsp;; Isabel Machik Tshombe, Ambassadrice de la RDC en France et Ivan Vangu Ngimbi, Ambassadeur de la RDC en Russie.<\/p>\n\n\n\n<figure class=\"wp-block-image\"><img src=\"\" alt=\"Description: C:\\Pictures New Phone-Note\\New Phone 297.jpg\"\/><\/figure>\n\n\n\n<p>Le site d\u2019Egmont r\u00e9v\u00e8le que l\u2019Institut Royal est un groupe de r\u00e9flexion bas\u00e9 \u00e0 Bruxelles. Ses recherches interdisciplinaires sont men\u00e9es dans un esprit de totale libert\u00e9 acad\u00e9mique. S&rsquo;appuyant &nbsp;sur l&rsquo;expertise de ses propres charg\u00e9s de recherche, ainsi que sur celle de sp\u00e9cialistes externes, tant belges qu&rsquo;\u00e9trangers, il propose des analyses et des options politiques qui se veulent les plus op\u00e9rationnelles possibles. Pour le gouvernement de la RDC, le choix d\u2019Egmont pour le rehaussement des techniques diplomatiques n\u2019est pas un leurre. Il n\u2019est pas entrain\u00e9 par l\u2019engrenage du mensonge \u00e0 l\u2019image des faits non av\u00e9r\u00e9s que propagent tapageusement les autres. Heureusement que l\u2019actuel pouvoir l\u2019a compris pour ne pas y pr\u00eater une certaine noblesse v\u00e9ridique.<\/p>\n\n\n\n<figure class=\"wp-block-image\"><img src=\"\" alt=\"Description: C:\\Users\\JEFF M KATALA\\Documents\\Amagep\\Fidele\\Bruxelles_Parc_dEgmont_814.jpg\"\/><\/figure>\n\n\n\n<p>Pendant les travaux de la formation qui ont eu lieu du14 au 19 mars, les participants diplomatiques ont \u00e9toff\u00e9 leurs connaissances par les nouvelles, tant qu\u2019il est incertain de jauger les nombreux d\u00e9fis que pr\u00e9sentent les temps difficiles de l\u2019heure, mieux vaut s\u2019y pr\u00e9parer. Une telle mise \u00e0 niveau d\u2019un corps diplomatique congolais rev\u00eat un caract\u00e8re \u00e9normissime dans l\u2019accompagnement de la vision du Chef d\u2019Etat, Son Excellence Felix Antoine Tshisekedi Tshilombo. Comme Officier Diplomatique, un Ambassadeur demeure le repr\u00e9sentant r\u00e9sident d\u2019un gouvernement dans un Etat \u00e9tranger ou aupr\u00e8s d&rsquo;une organisation internationale. Sachant au pr\u00e9alable que les fonctions d\u2019un Ambassadeur comprennent le maintien des relations diplomatiques avec l&rsquo;Etat d&rsquo;accueil et la promotion des strat\u00e9gies de politique \u00e9trang\u00e8re par le biais d&rsquo;organisations internationales, Fid\u00e8le Mulaja Binene, \u00e9pris par le souci d\u2019assurer la s\u00e9curit\u00e9 des citoyens de la RDC vivant en RSA, le pays d&rsquo;accueil, a jug\u00e9 opportun qu\u2019il serait ad\u00e9quat d\u2019\u00e9tablir et de maintenir des liens diplomatiques et \u00e9conomiques solides avec la RSA et y administrer toutes les affaires de l&rsquo;Ambassade, en posant les actes et en ex\u00e9cutant des faits et gestes qui ne blessent pas; le tout dans l\u2019usage harmonieux d\u2019un langage diplomatique cons\u00e9quemment concordant.<\/p>\n\n\n\n<figure class=\"wp-block-image\"><img src=\"\" alt=\"Description: C:\\Pictures New Phone-Note\\New Phone 301.jpg\"\/><\/figure>\n\n\n\n<p>Le Patron de l\u2019Institut Royal Egmont, Monsieur Hugues Chanty, ancien chef de la section politique de l&rsquo;Ambassade de Belgique \u00e0 Kinshasa, et ancien Ambassadeur de Belgique en C\u00f4te d&rsquo;Ivoire, au Ghana, au Lib\u00e9ria et en Sierra Leone, croit fermement que l&rsquo;Institut Egmont, avec sa tradition d&rsquo;ind\u00e9pendance d&rsquo;esprit, peut apporter une contribution pr\u00e9cieuse \u00e0 la politique \u00e9trang\u00e8re des pays comme la RDC&nbsp;; lui qui a \u00e9t\u00e9 le Consul G\u00e9n\u00e9ral du Royaume de Belgique \u00e0 Bukavu, son vaste curriculum aur\u00e9ol\u00e9 de la maitrise des notions et des rouages diplomatiques fait partie des ressources dont dispose l\u2019Institut. Il est une \u00e9vidence qu\u2019\u00e0 la suite de ces nouvelles accointances, l\u2019Ambassadeur Fid\u00e8le Mulaja renforcera la compr\u00e9hension et le soutien mutuels des politiques congolaises en s&rsquo;engageant directement avec des parties prenantes en Afrique du Sud, par le biais des m\u00e9dias traditionnels et sociaux, en organisant des \u00e9v\u00e9nements et en r\u00e9alisant des programmes d&rsquo;\u00e9changes \u00e9ducatifs, culturels et sportifs. Mister Binene n\u2019oublie pas que le travail principal d\u2019un diplomate comme lui est aussi d&rsquo;aider et de prot\u00e9ger les citoyens congolais. En cas de perte de passeport par un citoyen congolais et des d\u00e9m\u00eal\u00e9s avec la loi, Fid\u00e8le saura les assister comme il a commenc\u00e9 \u00e0 le faire d\u00e9j\u00e0.<\/p>\n\n\n\n<figure class=\"wp-block-image\"><img src=\"\" alt=\"Description: C:\\Pictures New Phone-Note\\New Phone 293.jpg\"\/><\/figure>\n\n\n\n<p>Enfin, les congolais auront un refuge de la r\u00e9publique vers lequel ils se dirigeront en situation des couacs. Contrairement \u00e0 l\u2019ambassadeur sortant qui avait privil\u00e9gi\u00e9 plus la chasse \u00e0 l\u2019homme pour mater toute r\u00e9volution contre Kabila que l\u2019exercice de ses pr\u00e9rogatives, en collaboration diabolique avec le pr\u00e9d\u00e9cesseur de Cyril Ramphosa. &nbsp;Mulaja s\u2019acharne \u00e0 renverser le statu quo et \u00e9toffer l\u2019Ambassade de la RDC en Afrique du Sud, d\u2019une nouvelle image. &nbsp;Bient\u00f4t les congolais d\u2019Afrique du Sud prendront part au forum et r\u00e9unions mensuels organis\u00e9s par le nouvel Ambassadeur. Ces rencontrent permettront \u00e9galement aux congolais d&rsquo;\u00e9changer entre eux-m\u00eames, avec d&rsquo;autres sp\u00e9cialistes locaux et un public averti compos\u00e9 de repr\u00e9sentants des sph\u00e8res politiques, \u00e9conomiques et acad\u00e9miques, des m\u00e9dias et de la soci\u00e9t\u00e9 civile.<\/p>\n<!-- AddThis Advanced Settings generic via filter on the_content --><!-- AddThis Share Buttons generic via filter on the_content -->","protected":false},"excerpt":{"rendered":"<p>C\u2019est au Palais Egmont qui abrite l&rsquo;Institut Royal des Relations Internationales de Bruxelles o\u00f9 Fidele&#8230;<!-- AddThis Advanced Settings generic via filter on get_the_excerpt --><!-- AddThis Share Buttons generic via filter on get_the_excerpt --><\/p>\n","protected":false},"author":7,"featured_media":1229,"comment_status":"open","ping_status":"open","sticky":false,"template":"","format":"standard","meta":[],"categories":[6],"tags":[],"_links":{"self":[{"href":"https:\/\/amagep.co.za\/fr\/wp-json\/wp\/v2\/posts\/1228"}],"collection":[{"href":"https:\/\/amagep.co.za\/fr\/wp-json\/wp\/v2\/posts"}],"about":[{"href":"https:\/\/amagep.co.za\/fr\/wp-json\/wp\/v2\/types\/post"}],"author":[{"embeddable":true,"href":"https:\/\/amagep.co.za\/fr\/wp-json\/wp\/v2\/users\/7"}],"replies":[{"embeddable":true,"href":"https:\/\/amagep.co.za\/fr\/wp-json\/wp\/v2\/comments?post=1228"}],"version-history":[{"count":0,"href":"https:\/\/amagep.co.za\/fr\/wp-json\/wp\/v2\/posts\/1228\/revisions"}],"wp:featuredmedia":[{"embeddable":true,"href":"https:\/\/amagep.co.za\/fr\/wp-json\/wp\/v2\/media\/1229"}],"wp:attachment":[{"href":"https:\/\/amagep.co.za\/fr\/wp-json\/wp\/v2\/media?parent=1228"}],"wp:term":[{"taxonomy":"category","embeddable":true,"href":"https:\/\/amagep.co.za\/fr\/wp-json\/wp\/v2\/categories?post=1228"},{"taxonomy":"post_tag","embeddable":true,"href":"https:\/\/amagep.co.za\/fr\/wp-json\/wp\/v2\/tags?post=1228"}],"curies":[{"name":"wp","href":"https:\/\/api.w.org\/{rel}","templated":true}]}}