{"id":120,"date":"2009-03-04T14:23:24","date_gmt":"2009-03-04T14:23:24","guid":{"rendered":"https:\/\/amagep.co.za\/fr\/2009\/03\/04\/universite-de-la-sorbonne-les-etudiants-africains-analysent-les-conflits-en-afrique\/"},"modified":"2009-03-04T14:23:24","modified_gmt":"2009-03-04T14:23:24","slug":"universite-de-la-sorbonne-les-etudiants-africains-analysent-les-conflits-en-afrique","status":"publish","type":"post","link":"https:\/\/amagep.co.za\/fr\/universite-de-la-sorbonne-les-etudiants-africains-analysent-les-conflits-en-afrique\/","title":{"rendered":"Universit\u00e9 de la Sorbonne : Les \u00e9tudiants africains analysent les conflits en Afrique"},"content":{"rendered":"<p><img loading=\"lazy\" class=\" size-full wp-image-119\" src=\"https:\/\/amagep.co.za\/fr\/wp-content\/uploads\/2009\/03\/katy_2-1_450-2.jpg\" border=\"0\" width=\"450\" height=\"337\" srcset=\"https:\/\/amagep.co.za\/fr\/wp-content\/uploads\/2009\/03\/katy_2-1_450-2.jpg 450w, https:\/\/amagep.co.za\/fr\/wp-content\/uploads\/2009\/03\/katy_2-1_450-2-300x225.jpg 300w\" sizes=\"(max-width: 450px) 100vw, 450px\" \/> <\/p>\n<table border=\"0\" cellspacing=\"0\" cellpadding=\"0\" width=\"100%\">\n<tbody>\n<tr>\n<td class=\"chapeau\" align=\"left\">\n<p class=\"spip\">&nbsp;<\/p>\n<p class=\"spip\">\u00ab\u00a0<em class=\"spip\">Transmettre la m\u00e9moire afin de construire l\u2019avenir<\/em>\u00a0\u00bb, telle est l\u2019ambition affich\u00e9e par les \u00e9tudiants africains de la Sorbonne qui porte ainsi, \u00e0 leur fa\u00e7on, le d\u00e9fi de ce continent qui ne pourrait repartir sans se r\u00e9approprier son histoire et sans en nourrir ses jeunes g\u00e9n\u00e9rations du \u00ab\u00a0village global\u00a0\u00bb. Illustration de cette d\u00e9marche, l\u2019Association des \u00e9tudiants africains de La Sorbonne (<a class=\"spip_out\" href=\"http:\/\/www.adeas.fr\/\"><u><font color=\"#0000ff\">www.adeas.fr<\/font><\/u><\/a>) organise le samedi 7 mars prochain une conf\u00e9rence sur \u00ab\u00a0<em class=\"spip\">Les conflits en Afrique<\/em>\u00a0\u00bb.<\/p>\n<p> <!--more--> <\/td>\n<\/tr>\n<tr>\n<td class=\"textmilieu1\" align=\"left\">\n<p class=\"spip\">Qu\u2019ils soient int\u00e9rieur ou international, l\u2019Afrique aligne des conflits ou les vit concomitamment au grand dam de ses populations priv\u00e9es des conditions ad\u00e9quates pour leur subsistance faute de r\u00eaver du d\u00e9veloppement. Subis ou d\u00e9clench\u00e9s par les Africains eux-m\u00eams, ces conflits servent g\u00e9n\u00e9ralement des int\u00e9r\u00eats occidentaux ou ceux de quelques politiques aventureux, sans compter leur enfance et leur jeunesse qu\u2019ils volent \u00e0 des millions de ses fils transform\u00e9s en bourreaux pr\u00e9coces ou en chair de canon. Au-del\u00e0 de ces conclusions un peu g\u00e9n\u00e9rales, les acteurs de l\u2019ADEAS vont relever la complexit\u00e9 de certains conflits qui rend difficile leur r\u00e9solution. Huit intervenants vont proposer, ainsi, au public leur lecture de quelques conflits en vue d\u2019\u00e9changer et d\u2019aboutir \u00e0 une meilleure compr\u00e9hension de la situation globale.<\/p>\n<p class=\"spip\">De la question de l\u2019int\u00e9grit\u00e9 et de l\u2019unit\u00e9 territoriale \u00e0 celles de l\u2019ethnicit\u00e9 et du nationalisme en passant par des conflits \u00e0 la crois\u00e9e de ces probl\u00e9matiques, les \u00e9tudiants africains de la Sorbonne vont d\u00e9cortiquer les conflits de la Casamance, de la Mayotte, de l\u2019Angola, de la C\u00f4te d\u2019ivoire et de la R\u00e9publique D\u00e9mocratique du Congo.<\/p>\n<p class=\"spip\">Pour m\u00e9moire, cette association existe dans le \u00ab\u00a0berceau\u00a0\u00bb m\u00eame de la n\u00e9gritude o\u00f9 ses p\u00e8res s\u2019\u00e9taient rencontr\u00e9s et est dirig\u00e9e par Nd\u00e8ye Katy Dieng, une beaut\u00e9 dot\u00e9e d\u2019une vaste culture, d\u2019une curiosit\u00e9 insatiable, d\u2019une plume tr\u00e8s talentueuse et d\u2019une intelligence alerte.<\/p>\n<p class=\"spip\">Source <\/p>\n<p class=\"spip\"><a href=\"http:\/\/www.afriquechos.ch\/spip.php?article3913\" title=\"www.afriquechos.ch\">Afriquechos.ch<\/a><\/p>\n<\/td>\n<\/tr>\n<\/tbody>\n<\/table>\n<!-- AddThis Advanced Settings generic via filter on the_content --><!-- AddThis Share Buttons generic via filter on the_content -->","protected":false},"excerpt":{"rendered":"<p>&nbsp; \u00ab\u00a0Transmettre la m\u00e9moire afin de construire l\u2019avenir\u00a0\u00bb, telle est l\u2019ambition affich\u00e9e par les \u00e9tudiants&#8230;<!-- AddThis Advanced Settings generic via filter on get_the_excerpt --><!-- AddThis Share Buttons generic via filter on get_the_excerpt --><\/p>\n","protected":false},"author":1,"featured_media":119,"comment_status":"open","ping_status":"open","sticky":false,"template":"","format":"standard","meta":[],"categories":[5],"tags":[],"_links":{"self":[{"href":"https:\/\/amagep.co.za\/fr\/wp-json\/wp\/v2\/posts\/120"}],"collection":[{"href":"https:\/\/amagep.co.za\/fr\/wp-json\/wp\/v2\/posts"}],"about":[{"href":"https:\/\/amagep.co.za\/fr\/wp-json\/wp\/v2\/types\/post"}],"author":[{"embeddable":true,"href":"https:\/\/amagep.co.za\/fr\/wp-json\/wp\/v2\/users\/1"}],"replies":[{"embeddable":true,"href":"https:\/\/amagep.co.za\/fr\/wp-json\/wp\/v2\/comments?post=120"}],"version-history":[{"count":0,"href":"https:\/\/amagep.co.za\/fr\/wp-json\/wp\/v2\/posts\/120\/revisions"}],"wp:featuredmedia":[{"embeddable":true,"href":"https:\/\/amagep.co.za\/fr\/wp-json\/wp\/v2\/media\/119"}],"wp:attachment":[{"href":"https:\/\/amagep.co.za\/fr\/wp-json\/wp\/v2\/media?parent=120"}],"wp:term":[{"taxonomy":"category","embeddable":true,"href":"https:\/\/amagep.co.za\/fr\/wp-json\/wp\/v2\/categories?post=120"},{"taxonomy":"post_tag","embeddable":true,"href":"https:\/\/amagep.co.za\/fr\/wp-json\/wp\/v2\/tags?post=120"}],"curies":[{"name":"wp","href":"https:\/\/api.w.org\/{rel}","templated":true}]}}