{"id":117,"date":"2009-03-03T12:44:36","date_gmt":"2009-03-03T12:44:36","guid":{"rendered":"https:\/\/amagep.co.za\/fr\/2009\/03\/03\/chan\/"},"modified":"2009-03-03T12:44:36","modified_gmt":"2009-03-03T12:44:36","slug":"chan","status":"publish","type":"post","link":"https:\/\/amagep.co.za\/fr\/chan\/","title":{"rendered":"CHAN"},"content":{"rendered":"<p><img loading=\"lazy\" class=\" size-full wp-image-74\" src=\"https:\/\/amagep.co.za\/fr\/wp-content\/uploads\/2009\/01\/leopards.jpg\" border=\"0\" width=\"285\" height=\"216\" \/><br \/>\u00ab Pour le CHAN, ce que nous avons mis en avant, c\u2019est la r\u00e9conciliation nationale\u2026<br \/>\u00bb d\u00e9clare Anouma Interview avec Mr. Jacques Anouma President du Cochan ,qui est<br \/>aussi President de la FIF et membre du Comit\u00e9 Executif de la FIFA , sur les aspects  <!--more--> <br \/>li\u00e9s a l\u2019organisation du Chan en Cote d\u2019Ivoire. Quel est le co\u00fb financier de cette<br \/>comp\u00e9tition? Le budget de cette \u00e9dition du CHAN c\u2019est un budget qui avoisine en<br \/>francs CFA les 5,5 milliards. Nous essayons de ne pas utiliser toute cette somme.<br \/>Mais c\u2019est une organisation lourde et<br \/>c\u2019est pratiquement une CAN car on a pratiquement les m\u00eames d\u00e9penses. Nous avons mis<br \/>tous les moyens pour que les \u00e9trangers et les \u00e9quipes passent un s\u00e9jour agr\u00e9able,<br \/>que chacun reparte avec une bonne image de la c\u00f4te d\u2019Ivoire . <br \/>Il y\u2019a eu une grosse inqui\u00e9tude d\u2019une partie de la presse qui disait que la Cote<br \/>d\u2019Ivoire ne serait pas pr\u00eate. Que, au regard des d\u00e9lais tr\u00e8s courts, la Cote<br \/>d\u2019Ivoire allait renoncer, qu\u2019est-ce que vous en dites aujourd\u2019hui? C\u2019est sur<br \/>qu\u2019avoir moins de 12 mois pour organiser cette manifestation, les d\u00e9lais peuvent<br \/>para\u00eetre courts, m\u00eame \u00e0 moi. Je ne vous cache pas qu\u2019\u00e0 un mois de la comp\u00e9tition,<br \/>j\u2019avais beaucoup d\u2019inqui\u00e9tudes, nous avons redoubl\u00e9 d\u2019efforts, nous avons<br \/>sensibilis\u00e9 les uns et les autres pour que tout soit pr\u00eat pour le 22 f\u00e9vrier. Dieu<br \/>merci. C\u2019est l\u2019occasion pour moi de remercier les entrepreneurs, les architectes et<br \/>tous les membres du COCHAN qui ont tout fait pour que tout soit pr\u00eat pour le 22<br \/>f\u00e9vrier. <br \/>Etes vous satisfait du d\u00e9roulement de la comp\u00e9tition? Par rapport aux autres \u00e9quipes<br \/>j\u2019avais deux d\u00e9fis, j\u2019avais le d\u00e9fi de l\u2019organisation, je suis heureusement ou<br \/>malheureusement aussi le Pr\u00e9sident de la F\u00e9d\u00e9ration Ivoirienne de Football, les gens<br \/>m\u2019attendaient sur le plan du r\u00e9sultat de l\u2019\u00e9quipe nationale. Sur le plan sportif<br \/>purement, la C\u00f4te d\u2019Ivoire n\u2019a pas \u00e9t\u00e9 \u00e0 la hauteur et l\u00e0 aussi j\u2019en assume la<br \/>responsabilit\u00e9. Donc, il me reste plus qu\u2019\u00e0 r\u00e9ussir l\u2019organisation qui \u00e9tait pour<br \/>moi le 1er d\u00e9fi. De ce cot\u00e9 l\u00e0 je n\u2019ai pas eu un retour n\u00e9gatif au niveau des<br \/>\u00e9quipes, de la presse nationale ou internationale. Toute organisation n\u2019est jamais<br \/>parfaite il peut y avoir des m\u00e9contentements sur des points pr\u00e9cis. Sans \u00eatre<br \/>satisfait \u00e0 cent pour cent, je pense que les choses se passent bien. L\u2019autre<br \/>challenge, plus politique celui-l\u00e0, \u00e9tait de montrer une C\u00f4te d\u2019Ivoire r\u00e9concili\u00e9e<br \/>en programmant<br \/>des matchs \u00e0 Bouak\u00e9. Pensez-vous que c\u2019est un objectif atteint ? Pout le CHAN, ce<br \/>que nous avons mis en avant c\u2019est la r\u00e9conciliation nationale. En tant qu\u2019ivoirien<br \/>le CHAN \u00e9tait bienvenue. Aujourd\u2019hui vous partez \u00e0 Bouak\u00e9 vous revenez comme vous<br \/>voulez. On ne ressent plus cette partition du pays. Moi \u00e7a fait la 2\u00e8me fois que je<br \/>repars \u00e0 Bouak\u00e9 pour les matches, je ne sens pas une diff\u00e9rence entre les forces<br \/>loyalistes et les forces nouvelles, tout le monde travaille main dans la main. Ceux<br \/>qui viennent \u00e0 Bouak\u00e9 repartent avec les meilleures impressions possibles. Si le<br \/>CHAN ne concr\u00e9tise pas la r\u00e9conciliation nationale, il va y participer. Aujourd\u2019hui<br \/>sur le tron\u00e7on Yamoussoukro-Bouak\u00e9 il n\u2019ya plus aucun trou. Il ya un mois ce<br \/>n\u2019\u00e9taient pas des trous c\u2019\u00e9taient des ravins qu\u2019on avait sur cet axe, aujourd\u2019hui<br \/>les camions circulent normalement, vous faite Bouak\u00e9 \u2013 Yamoussoukro en une heure<br \/>donc il ya des cot\u00e9s<br \/>positifs. On a \u00e9galement le brassage des peuples. Les Ivoiriens du sud s\u2019en vont<br \/>suivre les matches et reviennent. Il ya des choses qu\u2019on ne verra pas tout de suite<br \/>dans cette r\u00e9conciliation mais qu\u2019on verra plus tard. Quel commentaire faites-vous<br \/>de la pr\u00e9sence lors de la c\u00e9r\u00e9monie d\u2019ouverture des chefs d\u2019Etat impliqu\u00e9s dans le<br \/>processus de r\u00e9conciliation en C\u00f4te d\u2019Ivoire et de cette chor\u00e9graphie lors de la<br \/>c\u00e9r\u00e9monie d\u2019ouverture tr\u00e8s ax\u00e9e sur la r\u00e9conciliation nationale ? La pr\u00e9sence des<br \/>chefs d\u2019Etat c\u2019est une marque de solidarit\u00e9. C\u2019est \u00e7a l\u2019Afrique, quand quelque<br \/>chose se passe dans une r\u00e9gion tous ceux qui y sont viennent apporter leur soutien<br \/>\u00e0 leur coll\u00e8gue. Une chose que beaucoup d\u2019\u00e9trangers n\u2019ont pas remarqu\u00e9s c\u2019est la<br \/>pr\u00e9sence du Pr\u00e9sident Blaise Compaor\u00e9 qui n\u2019\u00e9tait pas venu en C\u00f4te d\u2019Ivoire depuis<br \/>99- 2000 donc vous voyez ce que le football peut apporter. Gr\u00e2ce au football il a<br \/>pu<br \/>venir en C\u00f4te d\u2019Ivoire . Je suppose qu\u2019ils ont parl\u00e9 politique apr\u00e8s. C\u2019est d\u00e9j\u00e0 un<br \/>point positif pour le CHAN. Comme l\u2019a dit le chef d\u2019Etat il s\u2019est pass\u00e9 quelque<br \/>chose \u00e0 Bouak\u00e9 en 2002 mais nous nous consid\u00e9rons que c\u2019\u00e9tait un accident et comme<br \/>lui-m\u00eame le dit ce n\u2019est pas parce que vous avez fait un accident sur une route que<br \/>vous ne prenez plus cette route. Donc s\u2019il ya eu un accident au niveau de Bouak\u00e9 en<br \/>2002, on esp\u00e8re que ce m\u00eame accident ne va pas se produire au niveau du CHAN. Pour<br \/>le moment, Dieu merci, les choses se passent bien. Avant cette interview vous avez<br \/>parl\u00e9 du cas de la Suisse, Euro 2008, comment vous vous situer par rapport au reste<br \/>de la comp\u00e9tition ? Ce que je dis chaque fois \u00e0 nos compatriotes, c\u2019est qu\u2019on<br \/>n\u2019organise pas forcement une comp\u00e9tition pour la gagner. Tous les pays qui sont l\u00e0<br \/>veulent repartir avec le troph\u00e9e et nous aussi avions l\u2019intention de le garder. Des<br \/>pays<br \/>organisateurs qui n\u2019ont pas d\u00e9pass\u00e9 le 1er tour il y en a beaucoup. Malheureusement<br \/>ici je suis le Pr\u00e9sident de la F\u00e9d\u00e9ration et Pr\u00e9sident du COCHAN. Les amalgames<br \/>sont tr\u00e8s vite faits et c\u2019est ce qui fait que les termes qui sont utilis\u00e9s sont des<br \/>fois durs et parfois vous surprennent. C\u2019est \u00e7a l\u2019Africain on fait beaucoup<br \/>d\u2019amalgame et quand une d\u00e9faite arrive, en tant que 1 er responsable vous \u00eates<br \/>oblig\u00e9s d\u2019assumer. Donc j\u2019assume la d\u00e9faite de l\u2019\u00e9quipe nationale. Mais une fois de<br \/>plus organiser une comp\u00e9tition comme celle l\u00e0, ce n\u2019est pas forcement pour la<br \/>gagner. Nous avons vu l\u2019exemple Rwandais r\u00e9cemment. Le Chef d\u2019Etat lui-m\u00eame<br \/>souhaite organiser dans son pays d\u2019autres comp\u00e9titions et m\u00eame l\u2019Assembl\u00e9e G\u00e9n\u00e9rale<br \/>de la CAF. Je veux dire qu\u2019on organise une comp\u00e9tition dans un contexte. Les<br \/>b\u00e9n\u00e9fices qu\u2019on a tir\u00e9s de ces infrastructures n\u2019ont pas de prix. Je mets tout le<br \/>reste sur le compte de<br \/>la d\u00e9ception mais apr\u00e8s \u00e7a on passera \u00e0 une autre phase les qualifications pour la<br \/>Coupe du monde qui est un autre enjeu. Je comprends la d\u00e9ception des Ivoiriens je<br \/>m\u2019explique aussi difficilement ces amalgames et les mots qui sont utilis\u00e9s pour<br \/>qualifier cette d\u00e9b\u00e2cle l\u00e0. En tant que Pr\u00e9sident de la F\u00e9d\u00e9ration Ivoirienne de<br \/>Football quelle comparaison faite vous des championnats ivoiriens avec d\u2019autres<br \/>dans la sous- r\u00e9gion comme au Ghana ou ailleurs surtout qu\u2019on dit qu\u2019il ya beaucoup<br \/>d\u2019argent dans le football et l\u2019objectif du CHAN c\u2019est de permettre aux jeunes qui<br \/>sont l\u00e0 en Afrique d\u2019avoir une chance? Au regard des sommes que nous injectons dans<br \/>le Championnat National, personnellement en tant que Pr\u00e9sident de la F\u00e9d\u00e9ration<br \/>Ivoirienne de Football je m\u2019attendais \u00e0 mieux, c\u2019est l\u00e0 aussi ma d\u00e9ception parce<br \/>que je pense que nous donnons suffisamment de moyens \u00e0 nos clubs pour qu\u2019ils en<br \/>fassent un bon usage en<br \/>nous donnant des joueurs mieux que ce que nous avons vu. Nous injectons plus d\u2019un<br \/>milliard de franc CFA, entre les clubs de premi\u00e8re division et les ligues<br \/>r\u00e9gionales. Les Officiels pour les demi-finales<\/p>\n<!-- AddThis Advanced Settings generic via filter on the_content --><!-- AddThis Share Buttons generic via filter on the_content -->","protected":false},"excerpt":{"rendered":"<p>\u00ab Pour le CHAN, ce que nous avons mis en avant, c\u2019est la r\u00e9conciliation nationale\u2026\u00bb&#8230;<!-- AddThis Advanced Settings generic via filter on get_the_excerpt --><!-- AddThis Share Buttons generic via filter on get_the_excerpt --><\/p>\n","protected":false},"author":1,"featured_media":74,"comment_status":"open","ping_status":"open","sticky":false,"template":"","format":"standard","meta":[],"categories":[7],"tags":[],"_links":{"self":[{"href":"https:\/\/amagep.co.za\/fr\/wp-json\/wp\/v2\/posts\/117"}],"collection":[{"href":"https:\/\/amagep.co.za\/fr\/wp-json\/wp\/v2\/posts"}],"about":[{"href":"https:\/\/amagep.co.za\/fr\/wp-json\/wp\/v2\/types\/post"}],"author":[{"embeddable":true,"href":"https:\/\/amagep.co.za\/fr\/wp-json\/wp\/v2\/users\/1"}],"replies":[{"embeddable":true,"href":"https:\/\/amagep.co.za\/fr\/wp-json\/wp\/v2\/comments?post=117"}],"version-history":[{"count":0,"href":"https:\/\/amagep.co.za\/fr\/wp-json\/wp\/v2\/posts\/117\/revisions"}],"wp:featuredmedia":[{"embeddable":true,"href":"https:\/\/amagep.co.za\/fr\/wp-json\/wp\/v2\/media\/74"}],"wp:attachment":[{"href":"https:\/\/amagep.co.za\/fr\/wp-json\/wp\/v2\/media?parent=117"}],"wp:term":[{"taxonomy":"category","embeddable":true,"href":"https:\/\/amagep.co.za\/fr\/wp-json\/wp\/v2\/categories?post=117"},{"taxonomy":"post_tag","embeddable":true,"href":"https:\/\/amagep.co.za\/fr\/wp-json\/wp\/v2\/tags?post=117"}],"curies":[{"name":"wp","href":"https:\/\/api.w.org\/{rel}","templated":true}]}}