{"id":1165,"date":"2021-10-18T22:42:00","date_gmt":"2021-10-18T22:42:00","guid":{"rendered":"https:\/\/amagep.co.za\/fr\/?p=1165"},"modified":"2021-10-20T22:46:09","modified_gmt":"2021-10-20T22:46:09","slug":"compromettante-revelation-sur-la-nationalite-congolaise-douteuse-du-nouveau-secretaire-general-de-la-caf-veron-mosengo-omba","status":"publish","type":"post","link":"https:\/\/amagep.co.za\/fr\/compromettante-revelation-sur-la-nationalite-congolaise-douteuse-du-nouveau-secretaire-general-de-la-caf-veron-mosengo-omba\/","title":{"rendered":"Compromettante R\u00e9v\u00e9lation sur la Nationalit\u00e9 Congolaise Douteuse du Nouveau Secr\u00e9taire G\u00e9n\u00e9ral de la CAF: Veron Mosengo-Omba"},"content":{"rendered":"\n<p>Sous tutelle de la FIFA depuis l\u2019\u00e9lection du Malgache Ahmad Ahmad, la CAF est devenu un D\u00e9partement de la FIFA, on ne cesse de vilipender le duo suisse \u2013 un au secr\u00e9tariat g\u00e9n\u00e9ral de la CAF et l\u2019autre pr\u00e9sident de la FIFA. Tout porte \u00e0 croire que l\u2019infantilisant Infantino a mis sous le paillasson la petite ind\u00e9pendance de la Conf\u00e9d\u00e9ration Africaine de Football qui sauvait les meubles. C\u2019est le sentiment qu\u2019\u00e9prouve le monde de football en Afrique. Tous les africains pensent que le changement de r\u00e9gime intervenu \u00e0 la t\u00eate de la Conf\u00e9d\u00e9ration Africaine de Football en mars 2021, a amen\u00e9 son lot de probl\u00e8mes, parmi lesquels, la d\u00e9signation de Veron Mosengo Omba en qualit\u00e9 de nouveau secr\u00e9taire g\u00e9n\u00e9ral de l\u2019organisme g\u00e9rant du football continental, la CAF. Seulement, Veron Mosengo a \u00e9t\u00e9 engag\u00e9 en tant que citoyen suisse, d\u00e9tenteur d\u2019un passeport lui d\u00e9livr\u00e9 par les autorit\u00e9s suisses. Or, le candidat \u00e0 ce poste doit &nbsp;\u00eatre africain, peu importe la multiplicit\u00e9 de ses nationalit\u00e9s pour peu qu\u2019elles demeurent africaines et que la constitution du pays de postulant, le permette. Dans le cas de Veron, en tant que suisse, il lui est interdit de prester dans <em>l\u2019establishment<\/em> de cette institution; c\u2019est un \u00e9tranger au sein de la CAF. Il ne fait l\u2019ombre d\u2019aucun doute que Veron Mosengo est n\u00e9 en R\u00e9publique D\u00e9mocratique du Congo, et la RDC ne reconnait pas la double nationalit\u00e9; car \u00e9tant Une et Exclusive.<strong><\/strong><\/p>\n\n\n\n<figure class=\"wp-block-image\"><img src=\"\" alt=\"\"\/><\/figure>\n\n\n\n<figure class=\"wp-block-image\"><img src=\"\" alt=\"\"\/><\/figure>\n\n\n\n<p>Toutefois, il y a lieu de se remettre en question: en quoi les Congolais d\u2019origine ayant acquis la nationalit\u00e9 \u00e9trang\u00e8re et ne vivant plus en RDC poseraient-ils une menace \u00e0 la coexistence communautaire en conservant leur nationalit\u00e9 d\u2019origine? Non seulement cette raison n\u2019est pas suffisante pour les priver de leur nationalit\u00e9 congolaise mais, bien plus, cette r\u00e8gle semble ne plus correspondre \u00e0 la r\u00e9alit\u00e9 de notre soci\u00e9t\u00e9. A l\u2019\u00e9lection pr\u00e9sidentielle de 2018 en RDC, Madame Marie-Jos\u00e9e Ifoku et Monsieur No\u00ebl Tshiani Mwadiamvita ont vu leurs candidatures \u00e0 cette \u00e9lection valid\u00e9es alors que l\u2019une d\u00e9tient la nationalit\u00e9 canadienne et l\u2019autre, la nationalit\u00e9 am\u00e9ricaine. Ce qui serait \u00e0 l\u2019encontre de l&rsquo;article 72 qui concerne les crit\u00e8res pour se pr\u00e9senter \u00e0 la pr\u00e9sidentielle et 102 qui concerne la d\u00e9putation, il y a une diff\u00e9rence dans la mani\u00e8re de voir les choses. Les illustrations dans ce contexte abondent que cette question sur la double nationalit\u00e9 de Veron Mosengo est devenue obsol\u00e8te et d\u00e9nud\u00e9e de sa substance. L\u2019actuel Chef de l\u2019Etat, Son Excellence Monsieur F\u00e9lix Antoine Tshisekedi Tshilombo s\u2019est d\u00e9j\u00e0 prononc\u00e9, \u00e0 bien d\u2019\u00e9gards, &nbsp;qu\u2019il faille reconnaitre la double nationalit\u00e9 en RDC. Certaines voix s\u2019\u00e9l\u00e8vent pour r\u00e9clamer l\u2019irr\u00e9vocabilit\u00e9 de la nationalit\u00e9 &nbsp;congolaise. Quand on nait congolais, on le demeure nonobstant le nombre des nationalit\u00e9s \u00e9trang\u00e8res acquises. Ces v\u0153ux attendent d\u2019\u00eatre coul\u00e9s en projet ou en proposition des lois \u00e0 pr\u00e9senter au Parlement pour \u00e9tudes, discussions, avis et consid\u00e9rations, \u00eatre ent\u00e9rin\u00e9s et vot\u00e9s en lois de la RDC avant que le Pr\u00e9sident de la R\u00e9publique signe l\u2019ordonnance pour la promulgation.<\/p>\n\n\n\n<p>La Constitution congolaise dans son expos\u00e9 de motif et \u00e0 son article 10, mais aussi la loi N\u00b0 04\/024 du 12 novembre 2004 relative \u00e0 la nationalit\u00e9 congolaise \u00e0 son article 1&nbsp;consacrent le principe de l\u2019unicit\u00e9 et de l\u2019exclusivit\u00e9 de la nationalit\u00e9 congolaise. L\u2019article 26 de la loi susmentionn\u00e9e pr\u00e9voit la perte de la nationalit\u00e9 congolaise du simple fait de l\u2019acquisition d\u2019une nationalit\u00e9 \u00e9trang\u00e8re. Le d\u00e9bat sur l\u2019exclusivit\u00e9 de la nationalit\u00e9 congolaise a refait surface avec la nomination de Veron Mosengo, mais en RDC&nbsp; l\u2019histoire r\u00e9cente d\u00e9montre que ce principe n\u2019est pas appliqu\u00e9 \u00e0 tous les Congolais de la m\u00eame mani\u00e8re. Alors qu\u2019aucun Congolais ne peut d\u00e9tenir une double nationalit\u00e9, quelques-uns ont, jusqu\u2019\u00e0 ce jour, b\u00e9n\u00e9fici\u00e9 de ce privil\u00e8ge de fa\u00e7on s\u00e9lective.&nbsp;<\/p>\n\n\n\n<figure class=\"wp-block-image\"><img src=\"\" alt=\"\"\/><\/figure>\n\n\n\n<p>Dans cette photo, les joueurs C\u00e9dric Bakambu et Jeremy Bokila exhibent fi\u00e8rement leurs passeports d\u00e9livr\u00e9s par les autorit\u00e9s Fran\u00e7aises, donc ils sont fran\u00e7ais, tout en \u00e9tant aussi Congolais! La nationalit\u00e9 sportive pr\u00f4n\u00e9e par la FIFA ne s\u2019interpr\u00e8te pas de la m\u00eame fa\u00e7on au m\u00eame titre que les pr\u00e9requis de la Constitution Congolaise qui consacre, quant \u00e0 elle, la sacro-saintet\u00e9 des exclusivit\u00e9 et unicit\u00e9, Il revient \u00e0 indiquer que la \u00ab<em>Binationalit\u00e9<\/em>\u00bb de la FIFA doive rencontrer les dispositions de textes l\u00e9gaux inh\u00e9rents \u00e0 la nationalit\u00e9 congolaise. En jouant pour l\u2019\u00e9quipe nationale de la RDC, ces joueurs violeraient la constitution. La nationalit\u00e9 sportive r\u00e9pondrait mieux aux aspirations des pays qui acceptent la double nationalit\u00e9 ou plus, tels que l\u2019Afrique du Sud, et certains pays d\u2019Afrique. &nbsp;L\u2019accepter dans un pays comme la RDC redessinerait le champ d\u2019application de ce th\u00e8me. Tant que les joueurs \u00e9trangers jouent pour la RDC au nom de la \u00ab<em>binationalit\u00e9<\/em>\u00bb, tout en conservant leurs nationalit\u00e9s \u00e9trang\u00e8res, Veron Mosengo Omba peut se la couler douce; il n\u2019est nullement en marge de la loi.<\/p>\n\n\n\n<p>L\u2019article 10 de la Constitution congolaise stipule que la nationalit\u00e9 congolaise est une et exclusive. Cependant en f\u00e9vrier 2017, un moratoire de trois mois avait \u00e9t\u00e9 adopt\u00e9 pour laisser le temps aux diff\u00e9rentes personnalit\u00e9s de trancher. A ce jour, ce moratoire n\u2019est toujours pas lev\u00e9. Ce moratoire fut la r\u00e9sultante d\u2019un constat g\u00e9n\u00e9ral d\u2019\u00e9chec par les autorit\u00e9s nationales en RDC apr\u00e8s qu\u2019ils eurent remarqu\u00e9 que toutes les institutions \u00e9taient truff\u00e9es des personnes \u00e0 double nationalit\u00e9, pendant qu\u2019elles constituaient le corps des principaux animateurs de m\u00eames institutions. C\u2019est dans ce contexte que le bureau du Pr\u00e9sident de la Chambre Basse de l\u2019\u00e9poque, Vital Kamerhe, adopta ce moratoire dont la mesure n\u2019a malheureusement, jamais \u00e9t\u00e9 lev\u00e9e parce que beaucoup s\u2019y retrouvent. Pourquoi faire de Veron Mosengo, l\u2019animal malade de la peste? Il s\u2019agit du ressort des r\u00e9glementations et textes l\u00e9gaux qui sont \u00e0 double tranchant selon qu\u2019ils justifient les objectifs des uns et des autres.<\/p>\n\n\n\n<p>L\u2019octroi du passeport au Secr\u00e9taire G\u00e9n\u00e9ral de la Conf\u00e9d\u00e9ration Africaine de Football, Monsieur Veron Mosengo Omba r\u00e9pond aux pr\u00e9requis de l\u2019article 8 du d\u00e9cret N\u00b0 07\/091 du 16 octobre 2004 portant r\u00e9glementation de l\u2019octroi du passeport en RDC qui donne la possibilit\u00e9 au Chef de l\u2019Etat ou \u00e0 son D\u00e9l\u00e9gu\u00e9 d\u2019ordonner la d\u00e9livrance d\u2019un passeport congolais \u00e0 quiconque qui &nbsp;d\u00e9fendrait les int\u00e9r\u00eats de la R\u00e9publique \u00e0 l\u2019\u00e9tranger. Voici la disposition de cet article:&nbsp;<\/p>\n\n\n\n<p><em>\u00abPour des raisons d\u2019Etat, le Pr\u00e9sident de la R\u00e9publique ou son D\u00e9l\u00e8gue peut ordonner express\u00e9ment la d\u00e9livrance d\u2019un passeport diplomatique, de service ou ordinaire \u00e0 quiconque de nationalit\u00e9 congolaise ou \u00e9trang\u00e8re, non repris aux articles 4,5 et 7 du pr\u00e9sent D\u00e9cret pour autant que ce dernier soit appel\u00e9 \u00e0 d\u00e9fendre les int\u00e9r\u00eats de la R\u00e9publique D\u00e9mocratique du Congo au niveau des organisations internationales \u00e0 l\u2019\u00e9tranger\u00bb. <\/em><em><\/em><\/p>\n\n\n\n<p>La CAF n\u2019est-elle pas une organisation internationale \u00e0 l\u2019\u00e9tranger pour que l\u2019Etat Congolais soit en droit de d\u00e9livrer \u00e0 Veron Mosengo un passeport diplomatique de la RDC malgr\u00e9 sa nationalit\u00e9 suisse, afin qu\u2019il jouisse de ce privil\u00e8ge?&nbsp;Dans ce contexte Veron Mosengo a droit au passeport diplomatique en tant que Haut Cadre Congolais avec rang de Directeur \u0153uvrant au sein d\u2019une Organisation Internationale telle que la CAF&nbsp;<em><\/em><\/p>\n\n\n\n<p>Il faut pr\u00e9ciser que pour la plupart des membres de la diaspora congolaise, il est avantageux d\u2019acqu\u00e9rir la nationalit\u00e9 de leur pays d\u2019accueil pour des questions de facilit\u00e9 administrative, professionnelle, fiscale, sociale, etc\u2026En raison des carences de l\u2019Etat congolais sur les plans \u00e9conomique, politique, social, etc., un bon nombre de ses citoyens ont quitt\u00e9 le pays pour rechercher le bien-\u00eatre sous d\u2019autres cieux, dont plus de 8 millions.<\/p>\n\n\n\n<p>En revanche, si&nbsp; Veron Mosengo voudrait renoncer \u00e0 la nationalit\u00e9 suisse, il sera pri\u00e9 de se conformer aux dispositions de la loi n\u00b0 04\/024 du 12 novembre 2004 relative \u00e0 la nationalit\u00e9 congolaise, sp\u00e9cialement en son 34, qui pr\u00e9voit les dispositions ci-apr\u00e8s, relatives au recouvrement de la nationalit\u00e9 congolaise<\/p>\n\n\n\n<p><strong><em>Article 34 :<\/em><\/strong>&nbsp;<\/p>\n\n\n\n<p>Toute d\u00e9claration en vue d&rsquo;acqu\u00e9rir la nationalit\u00e9 congolaise, d&rsquo;y renoncer ou de la recouvrer dans les cas pr\u00e9vus par la pr\u00e9sente Loi doit satisfaire aux conditions suivantes:&nbsp;<\/p>\n\n\n\n<ol type=\"1\"><li>\u00eatre pr\u00e9sent\u00e9e en double exemplaire;<\/li><li>comporter \u00e9lection de domicile en R\u00e9publique D\u00e9mocratique du Congo de la part de l&rsquo;int\u00e9ress\u00e9;&nbsp;<\/li><li>comporter la signature l\u00e9galis\u00e9e de l&rsquo;imp\u00e9trant;&nbsp;<\/li><li>\u00eatre accompagn\u00e9e des documents qui sont d\u00e9termin\u00e9s Arr\u00eat\u00e9 du Ministre de la Justice et Garde des Sceaux d\u00e9lib\u00e9r\u00e9 en Conseil des Ministres:&nbsp;<\/li><li>\u00eatre adress\u00e9e au Ministre de la Justice et Garde des Sceaux par lettre recommand\u00e9e avec accus\u00e9 de r\u00e9ception ou par porteur contre r\u00e9c\u00e9piss\u00e9 apr\u00e8s remise des pi\u00e8ces requises.&nbsp;<\/li><\/ol>\n\n\n\n<p>Quoique la mani\u00e8re r\u00e9dactionnelle des lois li\u00e9es \u00e0 la nationalit\u00e9 ne soit pas encore au rendez-vous, la situation \u00e9conomique de la RDC ne permet plus l\u2019exclusion d\u2019une certaine frange de la population sous pr\u00e9texte de&nbsp; la binationalite ou la plurinationalit\u00e9, pour sauvegarder l\u2019unicit\u00e9 et l\u2019exclusivit\u00e9 de la nationalit\u00e9 congolaise. Le contexte congolais requiert les exp\u00e9riences de tous les congolais, y compris ceux ayant acquis une ou d\u2019autres nationalit\u00e9s. Le cas de Veron Mosengo est une preuve n\u00e9cessairement suffisante d\u2019incorporation des capacit\u00e9s&nbsp; pour une meilleure repr\u00e9sentativit\u00e9, mais dans une mondialisation, en d\u00e9pit d\u2019ambivalences ambigu\u00ebs constat\u00e9es dans l\u2019arsenal l\u00e9gal congolais. L\u2019octroi d\u2019un passeport diplomatique \u00e0 Veron n\u2019est pas ill\u00e9gal.<\/p>\n<!-- AddThis Advanced Settings generic via filter on the_content --><!-- AddThis Share Buttons generic via filter on the_content -->","protected":false},"excerpt":{"rendered":"<p>Sous tutelle de la FIFA depuis l\u2019\u00e9lection du Malgache Ahmad Ahmad, la CAF est devenu&#8230;<!-- AddThis Advanced Settings generic via filter on get_the_excerpt --><!-- AddThis Share Buttons generic via filter on get_the_excerpt --><\/p>\n","protected":false},"author":7,"featured_media":1166,"comment_status":"open","ping_status":"open","sticky":false,"template":"","format":"standard","meta":[],"categories":[1],"tags":[],"_links":{"self":[{"href":"https:\/\/amagep.co.za\/fr\/wp-json\/wp\/v2\/posts\/1165"}],"collection":[{"href":"https:\/\/amagep.co.za\/fr\/wp-json\/wp\/v2\/posts"}],"about":[{"href":"https:\/\/amagep.co.za\/fr\/wp-json\/wp\/v2\/types\/post"}],"author":[{"embeddable":true,"href":"https:\/\/amagep.co.za\/fr\/wp-json\/wp\/v2\/users\/7"}],"replies":[{"embeddable":true,"href":"https:\/\/amagep.co.za\/fr\/wp-json\/wp\/v2\/comments?post=1165"}],"version-history":[{"count":0,"href":"https:\/\/amagep.co.za\/fr\/wp-json\/wp\/v2\/posts\/1165\/revisions"}],"wp:featuredmedia":[{"embeddable":true,"href":"https:\/\/amagep.co.za\/fr\/wp-json\/wp\/v2\/media\/1166"}],"wp:attachment":[{"href":"https:\/\/amagep.co.za\/fr\/wp-json\/wp\/v2\/media?parent=1165"}],"wp:term":[{"taxonomy":"category","embeddable":true,"href":"https:\/\/amagep.co.za\/fr\/wp-json\/wp\/v2\/categories?post=1165"},{"taxonomy":"post_tag","embeddable":true,"href":"https:\/\/amagep.co.za\/fr\/wp-json\/wp\/v2\/tags?post=1165"}],"curies":[{"name":"wp","href":"https:\/\/api.w.org\/{rel}","templated":true}]}}