{"id":116,"date":"2009-02-27T12:36:45","date_gmt":"2009-02-27T12:36:45","guid":{"rendered":"https:\/\/amagep.co.za\/fr\/2009\/02\/27\/le-retour-de-nyoka-longo-relance-les-trois-derniers-albums-de-zaiko-a-kinshasa\/"},"modified":"2009-02-27T12:36:45","modified_gmt":"2009-02-27T12:36:45","slug":"le-retour-de-nyoka-longo-relance-les-trois-derniers-albums-de-zaiko-a-kinshasa","status":"publish","type":"post","link":"https:\/\/amagep.co.za\/fr\/le-retour-de-nyoka-longo-relance-les-trois-derniers-albums-de-zaiko-a-kinshasa\/","title":{"rendered":"Le retour de Nyoka Longo relance les trois derniers albums de Za\u00efko \u00e0 Kinshasa"},"content":{"rendered":"<p><img loading=\"lazy\" class=\" size-full wp-image-115\" src=\"https:\/\/amagep.co.za\/fr\/wp-content\/uploads\/2009\/02\/emma-1_520.jpg\" border=\"0\" width=\"520\" height=\"196\" srcset=\"https:\/\/amagep.co.za\/fr\/wp-content\/uploads\/2009\/02\/emma-1_520.jpg 520w, https:\/\/amagep.co.za\/fr\/wp-content\/uploads\/2009\/02\/emma-1_520-300x113.jpg 300w\" sizes=\"(max-width: 520px) 100vw, 520px\" \/> <\/p>\n<table border=\"0\" cellspacing=\"0\" cellpadding=\"0\" width=\"100%\">\n<tbody>\n<tr>\n<td class=\"chapeau\" align=\"left\">\n<p class=\"spip\">&nbsp;<\/p>\n<p class=\"spip\">Depuis l\u2019annonce du <a class=\"spip_out\" href=\"http:\/\/www.afriquechos.ch\/spip.php?article3899\"><u><font color=\"#0000ff\">retour de Nyoka Longo<\/font><\/u><\/a> \u00e0 Kinshasa, une certaine effervescence s\u2019est empar\u00e9e des m\u00e9dias audiovisuels de la capitale qui ont intensifi\u00e9 la diffusion des chansons et des clips des albums sortis pendant les six ans de s\u00e9jour de Za\u00efko en Europe. Pas seulement, car radios et cha\u00eenes de <\/p>\n<p> <!--more--> <\/p>\n<p class=\"spip\">t\u00e9l\u00e9vision ressortent \u00e9galement les tubes des ann\u00e9es 80 et 90 comme pour remettre sur son pi\u00e9destal ce groupe mythique. Les fid\u00e8les du groupe ont vite fait d\u2019exploiter ce regain d\u2019int\u00e9r\u00eat pour leur orchestre afin de pr\u00e9parer un accueil princier \u00e0 son leader qui arrive \u00e0 Kinshasa ce vendredi 27 f\u00e9vrier 2009 accompagn\u00e9 des guitaristes G\u00e9g\u00e9 Mangaya et Shango Landu ainsi que de\u2026 Eugide Defer \u00ab\u00a0emmen\u00e9\u00a0\u00bb par Nyoka Longo qui le voulait absolument \u00e0 ses c\u00f4t\u00e9s pour ce retour.<\/p>\n<p><\/td>\n<\/tr>\n<tr>\n<td class=\"textmilieu1\" align=\"left\">\n<p class=\"spip\">Les m\u00e9lomanes kinois ont, enfin, l\u2019occasion d\u2019appr\u00e9cier \u00e0 leur juste valeur certaines belles chansons contenues dans les trois derniers albums du groupe\u00a0: \u00ab\u00a0<em class=\"spip\">Eureka<\/em>\u00a0\u00bb, \u00ab\u00a0<em class=\"spip\">Empreinte<\/em>\u00a0\u00bb et \u00ab\u00a0<em class=\"spip\">RencontreS<\/em>\u00a0\u00bb. Des chansons dont les clips font d\u00e9sormais le bonheur de nombreux t\u00e9l\u00e9spectateurs. Dans ce lot, les clips des chansons \u00ab\u00a0<em class=\"spip\">C\u2019est pour to<\/em>\u00a0\u00bbi de Lola Mwana et \u00ab\u00a0<em class=\"spip\">Eruption<\/em>\u00a0\u00bb de Montingiya ( album \u00ab\u00a0<em class=\"spip\">RencontreS<\/em>\u00a0\u00bb) diffus\u00e9es sur plusieurs cha\u00eenes parmi lesquelles la Rtg@ dont l\u2019animateur Yves Abdallah annonce Nyoka Longo comme principal invit\u00e9 dans son \u00e9mission de ce week-end. Alors que notre confr\u00e8re JP de la RTNC a programm\u00e9 la diffusion de la deuxi\u00e8me partie de l\u2019<a class=\"spip_out\" href=\"http:\/\/www.onewovision.com\/echos_d_europe.php?LireVideo=404#echosdeurope\"><u><font color=\"#0000ff\">interview<\/font><\/u><\/a> accord\u00e9e par l\u2019auteur de \u00ab\u00a0<em class=\"spip\">Awa<\/em>\u00a0\u00bb \u00e0 notre confr\u00e8re Bokal.<\/p>\n<p class=\"spip\">C\u2019est donc dans cette ambiance de f\u00eate aux sons et rythmes du \u00ab\u00a0Ngwasuma\u00a0\u00bb que les m\u00e9lomanes attendent le Pr\u00e9sident de Za\u00efko Langa-Langa et sa d\u00e9l\u00e9gation. Une arriv\u00e9e vivement salu\u00e9e par les fans de Za\u00efko par ces mots imprim\u00e9s sur la banderole d\u00e9ploy\u00e9e sur plusieurs coins de rue de la capitale congolaise\u00a0: \u00ab\u00a0<em class=\"spip\">Bon retour Ya Jossart Nyoka Longo\u00a0\u00bb, \u00ab\u00a0Vive Za\u00efko Langa Langa Nkolo Mboka Patrimoine national<\/em>\u00a0\u00bb<\/p>\n<p class=\"spip\"><strong class=\"spip\"><\/p>\n<h3 class=\"spip\">Un comit\u00e9 d\u2019accueil d\u2019envergure<\/h3>\n<p><\/strong><\/p>\n<p class=\"spip\">Puisqu\u2019il n\u2019affectionne pas le tintamarre et le bling bling, Jossart Nyoka sera bien accueilli, m\u00eame tr\u00e8s bien, mais sans exc\u00e8s. Une ligne de conduite qui correspond au profil des personnalit\u00e9s qui composent le comit\u00e9 d\u2019accueil au sein duquel on trouve des d\u00e9put\u00e9s, un officier et des fans ou dirigeants historiques\u00a0: Wivine Moleka, Pius Mwabilu, Antoine Ghonda, Sherrif Kimbondo, Claude Kidicho, Prof Patrick Misasi, Ya Felly Misolina, Freddy Shombo, Col. Fiston Malila et Emmanuel Mbangi. Ce dernier, connu sous le surnom de Sec Emma, a d\u2019ailleurs eu l\u2019id\u00e9e ing\u00e9nieuse d\u2019une intervention en direct lors de la r\u00e9p\u00e9tition du vendredi pass\u00e9 des <em class=\"spip\">Gunners<\/em>(les nouvelles recrues de Kinshasa) pour certains m\u00e9dias pr\u00e9sents\u00a0: Rtg@, Canal Kin T\u00e9l\u00e9vision, Couleurs TV, Antenne A et pour la presse \u00e9crite\u00a0: Visa et New Africa. Pour le retour effectif, dix chaines de t\u00e9l\u00e9vision vont couvrir l\u2019\u00e9v\u00e9nement\u00a0: Radio t\u00e9l\u00e9vision nationale congolaise (RTNC), Rtg@, Digital Congo, Antenne A, Couleurs TV, Mirador, CK TV, Numerica, Raga TV et Congo Web.<\/p>\n<\/td>\n<\/tr>\n<\/tbody>\n<\/table>\n<p>&nbsp;<\/p>\n<p><a href=\"http:\/\/www.afriquechos.ch\/spip.php?article3856\" title=\"www.afriquechos.ch\">afriquechos.ch<\/a><\/p>\n<!-- AddThis Advanced Settings generic via filter on the_content --><!-- AddThis Share Buttons generic via filter on the_content -->","protected":false},"excerpt":{"rendered":"<p>&nbsp; Depuis l\u2019annonce du retour de Nyoka Longo \u00e0 Kinshasa, une certaine effervescence s\u2019est empar\u00e9e&#8230;<!-- AddThis Advanced Settings generic via filter on get_the_excerpt --><!-- AddThis Share Buttons generic via filter on get_the_excerpt --><\/p>\n","protected":false},"author":1,"featured_media":115,"comment_status":"open","ping_status":"open","sticky":false,"template":"","format":"standard","meta":[],"categories":[8],"tags":[],"_links":{"self":[{"href":"https:\/\/amagep.co.za\/fr\/wp-json\/wp\/v2\/posts\/116"}],"collection":[{"href":"https:\/\/amagep.co.za\/fr\/wp-json\/wp\/v2\/posts"}],"about":[{"href":"https:\/\/amagep.co.za\/fr\/wp-json\/wp\/v2\/types\/post"}],"author":[{"embeddable":true,"href":"https:\/\/amagep.co.za\/fr\/wp-json\/wp\/v2\/users\/1"}],"replies":[{"embeddable":true,"href":"https:\/\/amagep.co.za\/fr\/wp-json\/wp\/v2\/comments?post=116"}],"version-history":[{"count":0,"href":"https:\/\/amagep.co.za\/fr\/wp-json\/wp\/v2\/posts\/116\/revisions"}],"wp:featuredmedia":[{"embeddable":true,"href":"https:\/\/amagep.co.za\/fr\/wp-json\/wp\/v2\/media\/115"}],"wp:attachment":[{"href":"https:\/\/amagep.co.za\/fr\/wp-json\/wp\/v2\/media?parent=116"}],"wp:term":[{"taxonomy":"category","embeddable":true,"href":"https:\/\/amagep.co.za\/fr\/wp-json\/wp\/v2\/categories?post=116"},{"taxonomy":"post_tag","embeddable":true,"href":"https:\/\/amagep.co.za\/fr\/wp-json\/wp\/v2\/tags?post=116"}],"curies":[{"name":"wp","href":"https:\/\/api.w.org\/{rel}","templated":true}]}}