{"id":101,"date":"2009-02-18T06:53:11","date_gmt":"2009-02-18T06:53:11","guid":{"rendered":"https:\/\/amagep.co.za\/fr\/2009\/02\/18\/le-karmapa-favori-du-concours-ndule-awards\/"},"modified":"2009-02-18T06:53:11","modified_gmt":"2009-02-18T06:53:11","slug":"le-karmapa-favori-du-concours-ndule-awards","status":"publish","type":"post","link":"https:\/\/amagep.co.za\/fr\/le-karmapa-favori-du-concours-ndule-awards\/","title":{"rendered":"Le Karmapa favori du concours Ndule Awards"},"content":{"rendered":"<p class=\"spip\"><img loading=\"lazy\" class=\" size-full wp-image-100\" src=\"https:\/\/amagep.co.za\/fr\/wp-content\/uploads\/2009\/02\/karmapa_520-2.jpg\" border=\"0\" width=\"520\" height=\"472\" \/><\/p>\n<p class=\"spip\">Apr\u00e8s l\u2019\u00e9clipse des \u00ab\u00a0Kora Awards\u00a0\u00bb aux crit\u00e8res de nomination et d\u2019attribution tr\u00e8s opaques, l\u2019on note une multiplication des prix d\u00e9di\u00e9s \u00e0 la musique congolaise comme les tout nouveaux <em class=\"spip\">Ndule Awards<\/em> initi\u00e9s par des chroniqueurs de musique inspir\u00e9s par <em class=\"spip\">Ngwomo Africa<\/em> lanc\u00e9 par Londala Bongwalanga (Laudert Production). Pour la premi\u00e8re \u00e9dition, le chanteur Le Karmapa fait figure de favori avec quatre nominations. Verdict le samedi 28 f\u00e9vrier prochain au centre culturel fran\u00e7ais \u00e0 Kinshasa.<\/p>\n<p> <!--more--> <\/p>\n<p class=\"spip\">&nbsp;<\/p>\n<p class=\"spip\">Cinq ans apr\u00e8s le dernier r\u00e9f\u00e9rendum par l\u2019Association des chroniqueurs de musique du Congo (ACMCO), des chroniqueurs de musique s\u2019appr\u00eatent, en effet, \u00e0 r\u00e9compenser ceux qu\u2019ils consid\u00e8rent comme les meilleurs artistes musiciens ou groupes congolais sur la p\u00e9riode allant d\u2019octobre 2007 \u00e0 septembre 2008. De la liste des nomin\u00e9s rendus publics, Le Karmapa est cit\u00e9 dans quatre cat\u00e9gories\u00a0: meilleur auteur-compositeur, meilleure chanson avec \u00ab\u00a0<em class=\"spip\">Premi\u00e8re dame<\/em>\u00a0\u00bb (extraite de son dernier album \u00ab\u00a0<em class=\"spip\"> <em class=\"spip\">Riposte<\/em> <\/em>\u00a0\u00bb), meilleur album avec son album \u00ab\u00a0<em class=\"spip\">Riposte<\/em>\u00a0\u00bb et son orchestre Rive Droite classe K dans la cat\u00e9gorie du meilleur groupe.<\/p>\n<p class=\"spip\">Selon Naty Lokole charg\u00e9 de la presse de l\u2019organisation\u00a0: \u00ab\u00a0<em class=\"spip\">Le troph\u00e9e est repr\u00e9sentatif d\u2019une cl\u00e9 de sol, symbole de la musique. Il sera offert au cours d\u2019une manifestation qui sera suivie d\u2019une soir\u00e9e de gala o\u00f9 seront convi\u00e9s tous les nomin\u00e9s et au cours de laquelle leur seront remis des dipl\u00f4mes<\/em>\u00a0\u00bb.<\/p>\n<p class=\"spip\">Le Karmapa \u00e0 Kisangani puis \u00e0 Luanda en Angola<\/p>\n<p class=\"spip\">En attendant ce jour fatidique, le Karmapa et son groupe \u00ab\u00a0Rive droite Classe K\u00a0\u00bb ont jou\u00e9 le dimanche 15 f\u00e9vrier au stade Lumumba de Kisangani dans le cadre de la Saint-Valentin, la journ\u00e9e des amoureux. \u00ab\u00a0Un stade plein \u00e0 craquer\u00a0\u00bb selon le chanteur dans un appel t\u00e9l\u00e9phonique de Kisangani re\u00e7u ce lundi \u00e0 la r\u00e9daction d\u2019AEM.<\/p>\n<p class=\"spip\">Le chanteur et son groupe iront ensuite \u00e0 Luanda en Angola, au mois de mars, \u00e0 l\u2019invitation de Baudelaire Kuyena \u00ab\u00a0Le grand samaritain\u00a0\u00bb, un m\u00e9c\u00e8ne qui a dot\u00e9 son groupe d\u2019un \u00e9quipement de musique. Le bienfaiteur sera d\u2019ailleurs le h\u00e9ros d\u2019une chanson dans son album \u00ab\u00a0F\u00e9minin Pluriel\u00a0\u00bb en pr\u00e9paration. Un album sur lequel le prince de la rumba souhaite ardemment faire un duo avec Jossart Nyoka Longo.<\/p>\n<p class=\"spip\">Source<\/p>\n<p class=\"spip\"><a href=\"http:\/\/www.afriquechos.ch\/spip.php?article3890\" title=\"afriquechos.ch\">afriquechos.ch<\/a><\/p>\n<!-- AddThis Advanced Settings generic via filter on the_content --><!-- AddThis Share Buttons generic via filter on the_content -->","protected":false},"excerpt":{"rendered":"<p>Apr\u00e8s l\u2019\u00e9clipse des \u00ab\u00a0Kora Awards\u00a0\u00bb aux crit\u00e8res de nomination et d\u2019attribution tr\u00e8s opaques, l\u2019on note&#8230;<!-- AddThis Advanced Settings generic via filter on get_the_excerpt --><!-- AddThis Share Buttons generic via filter on get_the_excerpt --><\/p>\n","protected":false},"author":1,"featured_media":100,"comment_status":"open","ping_status":"open","sticky":false,"template":"","format":"standard","meta":[],"categories":[8],"tags":[],"_links":{"self":[{"href":"https:\/\/amagep.co.za\/fr\/wp-json\/wp\/v2\/posts\/101"}],"collection":[{"href":"https:\/\/amagep.co.za\/fr\/wp-json\/wp\/v2\/posts"}],"about":[{"href":"https:\/\/amagep.co.za\/fr\/wp-json\/wp\/v2\/types\/post"}],"author":[{"embeddable":true,"href":"https:\/\/amagep.co.za\/fr\/wp-json\/wp\/v2\/users\/1"}],"replies":[{"embeddable":true,"href":"https:\/\/amagep.co.za\/fr\/wp-json\/wp\/v2\/comments?post=101"}],"version-history":[{"count":0,"href":"https:\/\/amagep.co.za\/fr\/wp-json\/wp\/v2\/posts\/101\/revisions"}],"wp:featuredmedia":[{"embeddable":true,"href":"https:\/\/amagep.co.za\/fr\/wp-json\/wp\/v2\/media\/100"}],"wp:attachment":[{"href":"https:\/\/amagep.co.za\/fr\/wp-json\/wp\/v2\/media?parent=101"}],"wp:term":[{"taxonomy":"category","embeddable":true,"href":"https:\/\/amagep.co.za\/fr\/wp-json\/wp\/v2\/categories?post=101"},{"taxonomy":"post_tag","embeddable":true,"href":"https:\/\/amagep.co.za\/fr\/wp-json\/wp\/v2\/tags?post=101"}],"curies":[{"name":"wp","href":"https:\/\/api.w.org\/{rel}","templated":true}]}}