{"id":10,"date":"2008-12-08T11:10:00","date_gmt":"2008-12-08T11:10:00","guid":{"rendered":"https:\/\/amagep.co.za\/fr\/2008\/12\/08\/les-ministres-des-affaires-etrangeres-congolais-et-rwandais-se-sont-entretenus-jeudi-a-goma\/"},"modified":"2008-12-08T11:10:00","modified_gmt":"2008-12-08T11:10:00","slug":"les-ministres-des-affaires-etrangeres-congolais-et-rwandais-se-sont-entretenus-jeudi-a-goma","status":"publish","type":"post","link":"https:\/\/amagep.co.za\/fr\/les-ministres-des-affaires-etrangeres-congolais-et-rwandais-se-sont-entretenus-jeudi-a-goma\/","title":{"rendered":"Les ministres des affaires \u00e9trang\u00e8res congolais et rwandais se sont entretenus jeudi \u00e0 Goma"},"content":{"rendered":"<p style=\"margin: 0in 0in 0pt\" class=\"MsoNormal\"><strong><span style=\"font-size: 10pt; color: #464646; font-family: Verdana\"><a href=\"http:\/\/www.flickr.com\/photos\/97892906@N00\/238123253\/\" title=\"photo sharing\"><img src=\"http:\/\/farm1.static.flickr.com\/97\/238123253_e0957fc581_m.jpg\" border=\"0\" \/><\/a><\/span><\/strong><\/p>\n<p><span style=\"font-size: 10pt; color: #464646; font-family: Verdana\"><strong><span style=\"font-size: 10pt; color: black; font-family: Verdana\">Les ministres des affaires \u00e9trang\u00e8res congolais et rwandais se sont entretenus jeudi \u00e0 Goma et doivent signer ce vendredi un communiqu\u00e9 conjoint dans lequel ils devraient annoncer notamment l&rsquo;adoption d&rsquo;un plan commun de d\u00e9mant\u00e8lement des milices Hutu-rwandaises pr\u00e9sentes sur le sol congolais. <\/span><\/strong><strong><span style=\"font-size: 10pt; color: black; font-family: Verdana\"> <!--more--> <\/span><\/strong><font color=\"#000000\">Le ministre congolais des affaires \u00e9trang\u00e8res, Alexis Thambwe Mwamba et son homologue rwandaise Rosemary Museminali se sont mis d&rsquo;accord sur un plan de d\u00e9mant\u00e8lement des groupes FDLR pr\u00e9sents au Sud et Nord Kivu. <\/font><font color=\"#000000\">Si aucun d\u00e9tail n&rsquo;a filtr\u00e9 de ce plan, le chef de la diplomatie congolaise a indiqu\u00e9 qu&rsquo;un calendrier rapide avait \u00e9t\u00e9 d\u00e9cid\u00e9 pour l&rsquo;application de ce qui est pr\u00e9sent\u00e9 comme une action commune contre ces milices Hutu-rwandaises, dont certains chefs ont particip\u00e9 au g\u00e9nocide de 1994 au Rwanda. <\/font><font color=\"#000000\">Concernant le CNDP, Alexis Thambwe Mwamba a invit\u00e9 le Rwanda \u00e0 faire usage de son autorit\u00e9 morale sur Laurent Nkunda pour ramener le chef rebelle \u00e0 la table des n\u00e9gociations. <\/font><font color=\"#000000\"><strong>Normalisation des relations<\/strong><\/font><font color=\"#000000\">Le ministre congolais des affaires \u00e9trang\u00e8res a par ailleurs indiqu\u00e9 que l&rsquo;initiative du gouverneur du Nord Kivu de vouloir rencontrer Laurent Nkunda avait re\u00e7u le feu vert du gouvernement pour \u00e9tablir un point de contact avec la r\u00e9bellion, avant d&rsquo;ajouter que le programme <em>Amani<\/em> restait le seul cadre possible pour les discussions. <\/font><font color=\"#000000\">La normalisation des relations diplomatiques et \u00e9conomiques entre le Congo et le Rwanda a \u00e9galement \u00e9t\u00e9 discut\u00e9e lors de cette quatri\u00e8me r\u00e9union de la commission bilat\u00e9rale, qui comprend quatre membres de chaque pays et qui a \u00e9t\u00e9 \u00e9tablie fin octobre alors que le conflit mena\u00e7ait de se transformer en une guerre r\u00e9gionale. <\/font><font color=\"#000000\">Les ambassades respectives devraient \u00eatre rouvertes d\u00e9but 2009 \u00e0 Kigali et \u00e0 Kinshasa tandis qu&rsquo;une r\u00e9union doit se tenir le 12 d\u00e9cembre prochain pour relancer la CEPGL, la Communaut\u00e9 Economique des Pays des Grands-Lacs, qui comprend la RDC, le Rwanda et le Burundi et dont les activit\u00e9s avaient \u00e9t\u00e9 gel\u00e9es il y a plusieurs ann\u00e9es. <\/font><font color=\"#000000\">La rencontre \u00e0 l&rsquo;issue de laquelle s&rsquo;est joint l&rsquo;\u00e9missaire de l&rsquo;Union africaine et ancien pr\u00e9sident tanzanien Benjamin Mkapa, doit \u00eatre parachev\u00e9e par la signature d&rsquo;un communiqu\u00e9 conjoint pr\u00e9sentant les objectifs des deux pays voisins pour ramener la paix dans le Nord Kivu. <\/font><font color=\"#000000\">Mais depuis plus d&rsquo;un mois, les d\u00e9clarations de bonnes intentions se sont succ\u00e9d\u00e9 de part et d&rsquo;autre sans que rien ne prenne une forme plus concr\u00e8te<\/font> <\/p>\n<p style=\"margin: 0in 0in 0pt\" class=\"MsoNormal\">Souce <\/p>\n<p style=\"margin: 0in 0in 0pt\" class=\"MsoNormal\"><a href=\"http:\/\/www.bbc.co.uk\/\">www.bbc.co.uk\/<\/a><\/p>\n<p><\/span><\/p>\n<!-- AddThis Advanced Settings generic via filter on the_content --><!-- AddThis Share Buttons generic via filter on the_content -->","protected":false},"excerpt":{"rendered":"<p>Les ministres des affaires \u00e9trang\u00e8res congolais et rwandais se sont entretenus jeudi \u00e0 Goma et&#8230;<!-- AddThis Advanced Settings generic via filter on get_the_excerpt --><!-- AddThis Share Buttons generic via filter on get_the_excerpt --><\/p>\n","protected":false},"author":1,"featured_media":0,"comment_status":"open","ping_status":"open","sticky":false,"template":"","format":"standard","meta":[],"categories":[6],"tags":[],"_links":{"self":[{"href":"https:\/\/amagep.co.za\/fr\/wp-json\/wp\/v2\/posts\/10"}],"collection":[{"href":"https:\/\/amagep.co.za\/fr\/wp-json\/wp\/v2\/posts"}],"about":[{"href":"https:\/\/amagep.co.za\/fr\/wp-json\/wp\/v2\/types\/post"}],"author":[{"embeddable":true,"href":"https:\/\/amagep.co.za\/fr\/wp-json\/wp\/v2\/users\/1"}],"replies":[{"embeddable":true,"href":"https:\/\/amagep.co.za\/fr\/wp-json\/wp\/v2\/comments?post=10"}],"version-history":[{"count":0,"href":"https:\/\/amagep.co.za\/fr\/wp-json\/wp\/v2\/posts\/10\/revisions"}],"wp:attachment":[{"href":"https:\/\/amagep.co.za\/fr\/wp-json\/wp\/v2\/media?parent=10"}],"wp:term":[{"taxonomy":"category","embeddable":true,"href":"https:\/\/amagep.co.za\/fr\/wp-json\/wp\/v2\/categories?post=10"},{"taxonomy":"post_tag","embeddable":true,"href":"https:\/\/amagep.co.za\/fr\/wp-json\/wp\/v2\/tags?post=10"}],"curies":[{"name":"wp","href":"https:\/\/api.w.org\/{rel}","templated":true}]}}